{"id":19873,"date":"2022-07-20T11:28:56","date_gmt":"2022-07-20T09:28:56","guid":{"rendered":"https:\/\/historiaus.usz.edu.pl\/?p=19873"},"modified":"2022-07-20T11:28:57","modified_gmt":"2022-07-20T09:28:57","slug":"w-eugene-rozpoczynaja-sie-ms-na-starcie-trojka-naszych-dobek-lisek-i-rozmys","status":"publish","type":"post","link":"https:\/\/historiaus.usz.edu.pl\/?p=19873","title":{"rendered":"W Eugene rozpoczynaj\u0105 si\u0119 M\u015a. Na starcie tr\u00f3jka naszych: Dobek, Lisek i Rozmys"},"content":{"rendered":"\n<figure class=\"wp-block-image size-full\"><img loading=\"lazy\" decoding=\"async\" width=\"1616\" height=\"721\" src=\"https:\/\/historiaus.usz.edu.pl\/wp-content\/uploads\/2022\/07\/GSz-15.07.2022-Nr-163-s.-23.jpg\" alt=\"\" class=\"wp-image-19874\" srcset=\"https:\/\/historiaus.usz.edu.pl\/wp-content\/uploads\/2022\/07\/GSz-15.07.2022-Nr-163-s.-23.jpg 1616w, https:\/\/historiaus.usz.edu.pl\/wp-content\/uploads\/2022\/07\/GSz-15.07.2022-Nr-163-s.-23-450x201.jpg 450w, https:\/\/historiaus.usz.edu.pl\/wp-content\/uploads\/2022\/07\/GSz-15.07.2022-Nr-163-s.-23-768x343.jpg 768w, https:\/\/historiaus.usz.edu.pl\/wp-content\/uploads\/2022\/07\/GSz-15.07.2022-Nr-163-s.-23-1536x685.jpg 1536w\" sizes=\"auto, (max-width: 1616px) 100vw, 1616px\" \/><\/figure>\n","protected":false},"excerpt":{"rendered":"","protected":false},"author":10,"featured_media":0,"comment_status":"closed","ping_status":"closed","sticky":false,"template":"","format":"standard","meta":{"footnotes":""},"categories":[1484,5122],"tags":[5499,5546,5497,5071],"subpage_bus":[3747,61,86],"class_list":["post-19873","post","type-post","status-publish","format-standard","hentry","category-uniwersytet-szczecinski","category-wydzial-kultury-fizycznej-i-zdrowia","tag-biegi","tag-eugene","tag-michal-rozmys","tag-patryk-dobek","subpage_bus-sport-i-rekreacja","subpage_bus-sport-i-turystyka","subpage_bus-sylwetki"],"_links":{"self":[{"href":"https:\/\/historiaus.usz.edu.pl\/index.php?rest_route=\/wp\/v2\/posts\/19873","targetHints":{"allow":["GET"]}}],"collection":[{"href":"https:\/\/historiaus.usz.edu.pl\/index.php?rest_route=\/wp\/v2\/posts"}],"about":[{"href":"https:\/\/historiaus.usz.edu.pl\/index.php?rest_route=\/wp\/v2\/types\/post"}],"author":[{"embeddable":true,"href":"https:\/\/historiaus.usz.edu.pl\/index.php?rest_route=\/wp\/v2\/users\/10"}],"replies":[{"embeddable":true,"href":"https:\/\/historiaus.usz.edu.pl\/index.php?rest_route=%2Fwp%2Fv2%2Fcomments&post=19873"}],"version-history":[{"count":1,"href":"https:\/\/historiaus.usz.edu.pl\/index.php?rest_route=\/wp\/v2\/posts\/19873\/revisions"}],"predecessor-version":[{"id":19875,"href":"https:\/\/historiaus.usz.edu.pl\/index.php?rest_route=\/wp\/v2\/posts\/19873\/revisions\/19875"}],"wp:attachment":[{"href":"https:\/\/historiaus.usz.edu.pl\/index.php?rest_route=%2Fwp%2Fv2%2Fmedia&parent=19873"}],"wp:term":[{"taxonomy":"category","embeddable":true,"href":"https:\/\/historiaus.usz.edu.pl\/index.php?rest_route=%2Fwp%2Fv2%2Fcategories&post=19873"},{"taxonomy":"post_tag","embeddable":true,"href":"https:\/\/historiaus.usz.edu.pl\/index.php?rest_route=%2Fwp%2Fv2%2Ftags&post=19873"},{"taxonomy":"subpage_bus","embeddable":true,"href":"https:\/\/historiaus.usz.edu.pl\/index.php?rest_route=%2Fwp%2Fv2%2Fsubpage_bus&post=19873"}],"curies":[{"name":"wp","href":"https:\/\/api.w.org\/{rel}","templated":true}]}}