{"id":19919,"date":"2022-07-21T13:08:23","date_gmt":"2022-07-21T11:08:23","guid":{"rendered":"https:\/\/historiaus.usz.edu.pl\/?p=19919"},"modified":"2022-07-21T13:08:24","modified_gmt":"2022-07-21T11:08:24","slug":"michal-rozmys-dziesiaty-w-finale-mistrzostw-swiata","status":"publish","type":"post","link":"https:\/\/historiaus.usz.edu.pl\/?p=19919","title":{"rendered":"Micha\u0142 Rozmys dziesi\u0105ty w finale mistrzostw \u015bwiata"},"content":{"rendered":"\n<figure class=\"wp-block-image size-full\"><a href=\"https:\/\/historiaus.usz.edu.pl\/wp-content\/uploads\/2022\/07\/GSz-21.07.2022-Nr-168-s.-16-Rozmys.jpg\"><img loading=\"lazy\" decoding=\"async\" width=\"1065\" height=\"488\" src=\"https:\/\/historiaus.usz.edu.pl\/wp-content\/uploads\/2022\/07\/GSz-21.07.2022-Nr-168-s.-16-Rozmys.jpg\" alt=\"\" class=\"wp-image-19920\" srcset=\"https:\/\/historiaus.usz.edu.pl\/wp-content\/uploads\/2022\/07\/GSz-21.07.2022-Nr-168-s.-16-Rozmys.jpg 1065w, https:\/\/historiaus.usz.edu.pl\/wp-content\/uploads\/2022\/07\/GSz-21.07.2022-Nr-168-s.-16-Rozmys-450x206.jpg 450w, https:\/\/historiaus.usz.edu.pl\/wp-content\/uploads\/2022\/07\/GSz-21.07.2022-Nr-168-s.-16-Rozmys-768x352.jpg 768w\" sizes=\"auto, (max-width: 1065px) 100vw, 1065px\" \/><\/a><\/figure>\n","protected":false},"excerpt":{"rendered":"","protected":false},"author":10,"featured_media":0,"comment_status":"closed","ping_status":"closed","sticky":false,"template":"","format":"standard","meta":{"footnotes":""},"categories":[1484,5122],"tags":[5499,2194,5497,5563],"subpage_bus":[3747,61,86],"class_list":["post-19919","post","type-post","status-publish","format-standard","hentry","category-uniwersytet-szczecinski","category-wydzial-kultury-fizycznej-i-zdrowia","tag-biegi","tag-lekkoatletyka","tag-michal-rozmys","tag-ms-w-eugene","subpage_bus-sport-i-rekreacja","subpage_bus-sport-i-turystyka","subpage_bus-sylwetki"],"_links":{"self":[{"href":"https:\/\/historiaus.usz.edu.pl\/index.php?rest_route=\/wp\/v2\/posts\/19919","targetHints":{"allow":["GET"]}}],"collection":[{"href":"https:\/\/historiaus.usz.edu.pl\/index.php?rest_route=\/wp\/v2\/posts"}],"about":[{"href":"https:\/\/historiaus.usz.edu.pl\/index.php?rest_route=\/wp\/v2\/types\/post"}],"author":[{"embeddable":true,"href":"https:\/\/historiaus.usz.edu.pl\/index.php?rest_route=\/wp\/v2\/users\/10"}],"replies":[{"embeddable":true,"href":"https:\/\/historiaus.usz.edu.pl\/index.php?rest_route=%2Fwp%2Fv2%2Fcomments&post=19919"}],"version-history":[{"count":1,"href":"https:\/\/historiaus.usz.edu.pl\/index.php?rest_route=\/wp\/v2\/posts\/19919\/revisions"}],"predecessor-version":[{"id":19921,"href":"https:\/\/historiaus.usz.edu.pl\/index.php?rest_route=\/wp\/v2\/posts\/19919\/revisions\/19921"}],"wp:attachment":[{"href":"https:\/\/historiaus.usz.edu.pl\/index.php?rest_route=%2Fwp%2Fv2%2Fmedia&parent=19919"}],"wp:term":[{"taxonomy":"category","embeddable":true,"href":"https:\/\/historiaus.usz.edu.pl\/index.php?rest_route=%2Fwp%2Fv2%2Fcategories&post=19919"},{"taxonomy":"post_tag","embeddable":true,"href":"https:\/\/historiaus.usz.edu.pl\/index.php?rest_route=%2Fwp%2Fv2%2Ftags&post=19919"},{"taxonomy":"subpage_bus","embeddable":true,"href":"https:\/\/historiaus.usz.edu.pl\/index.php?rest_route=%2Fwp%2Fv2%2Fsubpage_bus&post=19919"}],"curies":[{"name":"wp","href":"https:\/\/api.w.org\/{rel}","templated":true}]}}