{"id":20110,"date":"2022-08-25T13:43:09","date_gmt":"2022-08-25T11:43:09","guid":{"rendered":"https:\/\/historiaus.usz.edu.pl\/?p=20110"},"modified":"2022-08-25T13:43:11","modified_gmt":"2022-08-25T11:43:11","slug":"slowikowski-poza-finalem-w-czwartek-zaprezentuja-sie-rozmys-dobek-i-lisek","status":"publish","type":"post","link":"https:\/\/historiaus.usz.edu.pl\/?p=20110","title":{"rendered":"S\u0142owikowski poza fina\u0142em. W czwartek zaprezentuj\u0105 si\u0119 Rozmys, Dobek i Lisek"},"content":{"rendered":"\n<figure class=\"wp-block-image size-full\"><a href=\"https:\/\/historiaus.usz.edu.pl\/wp-content\/uploads\/2022\/08\/GSz-18.08.2022-Nr-191-s.-16.jpg\"><img loading=\"lazy\" decoding=\"async\" width=\"1597\" height=\"499\" src=\"https:\/\/historiaus.usz.edu.pl\/wp-content\/uploads\/2022\/08\/GSz-18.08.2022-Nr-191-s.-16.jpg\" alt=\"\" class=\"wp-image-20111\" srcset=\"https:\/\/historiaus.usz.edu.pl\/wp-content\/uploads\/2022\/08\/GSz-18.08.2022-Nr-191-s.-16.jpg 1597w, https:\/\/historiaus.usz.edu.pl\/wp-content\/uploads\/2022\/08\/GSz-18.08.2022-Nr-191-s.-16-450x141.jpg 450w, https:\/\/historiaus.usz.edu.pl\/wp-content\/uploads\/2022\/08\/GSz-18.08.2022-Nr-191-s.-16-768x240.jpg 768w, https:\/\/historiaus.usz.edu.pl\/wp-content\/uploads\/2022\/08\/GSz-18.08.2022-Nr-191-s.-16-1536x480.jpg 1536w\" sizes=\"auto, (max-width: 1597px) 100vw, 1597px\" \/><\/a><\/figure>\n","protected":false},"excerpt":{"rendered":"","protected":false},"author":10,"featured_media":0,"comment_status":"closed","ping_status":"closed","sticky":false,"template":"","format":"standard","meta":{"footnotes":""},"categories":[1484,5122],"tags":[5499,2194,5497,5608,5609,5071,141],"subpage_bus":[3747,61,86],"class_list":["post-20110","post","type-post","status-publish","format-standard","hentry","category-uniwersytet-szczecinski","category-wydzial-kultury-fizycznej-i-zdrowia","tag-biegi","tag-lekkoatletyka","tag-michal-rozmys","tag-mistrzostwa-europy","tag-monachium","tag-patryk-dobek","tag-studenci","subpage_bus-sport-i-rekreacja","subpage_bus-sport-i-turystyka","subpage_bus-sylwetki"],"_links":{"self":[{"href":"https:\/\/historiaus.usz.edu.pl\/index.php?rest_route=\/wp\/v2\/posts\/20110","targetHints":{"allow":["GET"]}}],"collection":[{"href":"https:\/\/historiaus.usz.edu.pl\/index.php?rest_route=\/wp\/v2\/posts"}],"about":[{"href":"https:\/\/historiaus.usz.edu.pl\/index.php?rest_route=\/wp\/v2\/types\/post"}],"author":[{"embeddable":true,"href":"https:\/\/historiaus.usz.edu.pl\/index.php?rest_route=\/wp\/v2\/users\/10"}],"replies":[{"embeddable":true,"href":"https:\/\/historiaus.usz.edu.pl\/index.php?rest_route=%2Fwp%2Fv2%2Fcomments&post=20110"}],"version-history":[{"count":1,"href":"https:\/\/historiaus.usz.edu.pl\/index.php?rest_route=\/wp\/v2\/posts\/20110\/revisions"}],"predecessor-version":[{"id":20112,"href":"https:\/\/historiaus.usz.edu.pl\/index.php?rest_route=\/wp\/v2\/posts\/20110\/revisions\/20112"}],"wp:attachment":[{"href":"https:\/\/historiaus.usz.edu.pl\/index.php?rest_route=%2Fwp%2Fv2%2Fmedia&parent=20110"}],"wp:term":[{"taxonomy":"category","embeddable":true,"href":"https:\/\/historiaus.usz.edu.pl\/index.php?rest_route=%2Fwp%2Fv2%2Fcategories&post=20110"},{"taxonomy":"post_tag","embeddable":true,"href":"https:\/\/historiaus.usz.edu.pl\/index.php?rest_route=%2Fwp%2Fv2%2Ftags&post=20110"},{"taxonomy":"subpage_bus","embeddable":true,"href":"https:\/\/historiaus.usz.edu.pl\/index.php?rest_route=%2Fwp%2Fv2%2Fsubpage_bus&post=20110"}],"curies":[{"name":"wp","href":"https:\/\/api.w.org\/{rel}","templated":true}]}}