{"id":20196,"date":"2022-08-30T15:09:53","date_gmt":"2022-08-30T13:09:53","guid":{"rendered":"https:\/\/historiaus.usz.edu.pl\/?p=20196"},"modified":"2022-09-12T08:29:46","modified_gmt":"2022-09-12T06:29:46","slug":"najszybszy-bialy-czlowiek-swiata","status":"publish","type":"post","link":"https:\/\/historiaus.usz.edu.pl\/?p=20196","title":{"rendered":"Najszybszy bia\u0142y cz\u0142owiek \u015bwiata&#8230;"},"content":{"rendered":"\n<figure class=\"wp-block-image size-full\"><a href=\"https:\/\/historiaus.usz.edu.pl\/wp-content\/uploads\/2022\/08\/KSz-24.08.2022-Nr-163-s.-14.jpg\"><img loading=\"lazy\" decoding=\"async\" width=\"1220\" height=\"1327\" src=\"https:\/\/historiaus.usz.edu.pl\/wp-content\/uploads\/2022\/08\/KSz-24.08.2022-Nr-163-s.-14.jpg\" alt=\"\" class=\"wp-image-20197\" srcset=\"https:\/\/historiaus.usz.edu.pl\/wp-content\/uploads\/2022\/08\/KSz-24.08.2022-Nr-163-s.-14.jpg 1220w, https:\/\/historiaus.usz.edu.pl\/wp-content\/uploads\/2022\/08\/KSz-24.08.2022-Nr-163-s.-14-276x300.jpg 276w, https:\/\/historiaus.usz.edu.pl\/wp-content\/uploads\/2022\/08\/KSz-24.08.2022-Nr-163-s.-14-768x835.jpg 768w\" sizes=\"auto, (max-width: 1220px) 100vw, 1220px\" \/><\/a><\/figure>\n","protected":false},"excerpt":{"rendered":"","protected":false},"author":10,"featured_media":0,"comment_status":"closed","ping_status":"closed","sticky":false,"template":"","format":"standard","meta":{"footnotes":""},"categories":[1484,5122],"tags":[5499,2194,5635,5497,5071],"subpage_bus":[3747,61,86],"class_list":["post-20196","post","type-post","status-publish","format-standard","hentry","category-uniwersytet-szczecinski","category-wydzial-kultury-fizycznej-i-zdrowia","tag-biegi","tag-lekkoatletyka","tag-memorial-wieslawa-maniaka","tag-michal-rozmys","tag-patryk-dobek","subpage_bus-sport-i-rekreacja","subpage_bus-sport-i-turystyka","subpage_bus-sylwetki"],"_links":{"self":[{"href":"https:\/\/historiaus.usz.edu.pl\/index.php?rest_route=\/wp\/v2\/posts\/20196","targetHints":{"allow":["GET"]}}],"collection":[{"href":"https:\/\/historiaus.usz.edu.pl\/index.php?rest_route=\/wp\/v2\/posts"}],"about":[{"href":"https:\/\/historiaus.usz.edu.pl\/index.php?rest_route=\/wp\/v2\/types\/post"}],"author":[{"embeddable":true,"href":"https:\/\/historiaus.usz.edu.pl\/index.php?rest_route=\/wp\/v2\/users\/10"}],"replies":[{"embeddable":true,"href":"https:\/\/historiaus.usz.edu.pl\/index.php?rest_route=%2Fwp%2Fv2%2Fcomments&post=20196"}],"version-history":[{"count":1,"href":"https:\/\/historiaus.usz.edu.pl\/index.php?rest_route=\/wp\/v2\/posts\/20196\/revisions"}],"predecessor-version":[{"id":20198,"href":"https:\/\/historiaus.usz.edu.pl\/index.php?rest_route=\/wp\/v2\/posts\/20196\/revisions\/20198"}],"wp:attachment":[{"href":"https:\/\/historiaus.usz.edu.pl\/index.php?rest_route=%2Fwp%2Fv2%2Fmedia&parent=20196"}],"wp:term":[{"taxonomy":"category","embeddable":true,"href":"https:\/\/historiaus.usz.edu.pl\/index.php?rest_route=%2Fwp%2Fv2%2Fcategories&post=20196"},{"taxonomy":"post_tag","embeddable":true,"href":"https:\/\/historiaus.usz.edu.pl\/index.php?rest_route=%2Fwp%2Fv2%2Ftags&post=20196"},{"taxonomy":"subpage_bus","embeddable":true,"href":"https:\/\/historiaus.usz.edu.pl\/index.php?rest_route=%2Fwp%2Fv2%2Fsubpage_bus&post=20196"}],"curies":[{"name":"wp","href":"https:\/\/api.w.org\/{rel}","templated":true}]}}