{"id":20341,"date":"2022-09-29T12:55:01","date_gmt":"2022-09-29T10:55:01","guid":{"rendered":"https:\/\/historiaus.usz.edu.pl\/?p=20341"},"modified":"2022-09-29T13:00:41","modified_gmt":"2022-09-29T11:00:41","slug":"20341","status":"publish","type":"post","link":"https:\/\/historiaus.usz.edu.pl\/?p=20341","title":{"rendered":"Patryk Dobek jedn\u0105 z gwiazd 5. Memoria\u0142u Wies\u0142awa Maniaka w Szczecinie                         Kto b\u0119dzie najwi\u0119ksz\u0105 gwiazd\u0105 5. Memoria\u0142u Wies\u0142awa Maniaka?"},"content":{"rendered":"\n<p><\/p>\n\n\n\n<figure class=\"wp-block-image size-full\"><a href=\"https:\/\/historiaus.usz.edu.pl\/wp-content\/uploads\/2022\/09\/GSz-24.08.2022-Nr-196-s.-1-.jpg\"><img loading=\"lazy\" decoding=\"async\" width=\"634\" height=\"714\" src=\"https:\/\/historiaus.usz.edu.pl\/wp-content\/uploads\/2022\/09\/GSz-24.08.2022-Nr-196-s.-1-.jpg\" alt=\"\" class=\"wp-image-20342\" srcset=\"https:\/\/historiaus.usz.edu.pl\/wp-content\/uploads\/2022\/09\/GSz-24.08.2022-Nr-196-s.-1-.jpg 634w, https:\/\/historiaus.usz.edu.pl\/wp-content\/uploads\/2022\/09\/GSz-24.08.2022-Nr-196-s.-1--266x300.jpg 266w\" sizes=\"auto, (max-width: 634px) 100vw, 634px\" \/><\/a><figcaption>s. 1<\/figcaption><\/figure>\n\n\n\n<figure class=\"wp-block-image size-full\"><a href=\"https:\/\/historiaus.usz.edu.pl\/wp-content\/uploads\/2022\/09\/GSz-24.08.2022-Nr-196-s.-16.jpg\"><img loading=\"lazy\" decoding=\"async\" width=\"1599\" height=\"484\" src=\"https:\/\/historiaus.usz.edu.pl\/wp-content\/uploads\/2022\/09\/GSz-24.08.2022-Nr-196-s.-16.jpg\" alt=\"\" class=\"wp-image-20343\" srcset=\"https:\/\/historiaus.usz.edu.pl\/wp-content\/uploads\/2022\/09\/GSz-24.08.2022-Nr-196-s.-16.jpg 1599w, https:\/\/historiaus.usz.edu.pl\/wp-content\/uploads\/2022\/09\/GSz-24.08.2022-Nr-196-s.-16-450x136.jpg 450w, https:\/\/historiaus.usz.edu.pl\/wp-content\/uploads\/2022\/09\/GSz-24.08.2022-Nr-196-s.-16-768x232.jpg 768w, https:\/\/historiaus.usz.edu.pl\/wp-content\/uploads\/2022\/09\/GSz-24.08.2022-Nr-196-s.-16-1536x465.jpg 1536w\" sizes=\"auto, (max-width: 1599px) 100vw, 1599px\" \/><\/a><figcaption>s. 16<\/figcaption><\/figure>\n","protected":false},"excerpt":{"rendered":"","protected":false},"author":10,"featured_media":0,"comment_status":"closed","ping_status":"closed","sticky":false,"template":"","format":"standard","meta":{"footnotes":""},"categories":[1484,5122],"tags":[5499,2194,5635,5639,5071],"subpage_bus":[3747,61,86],"class_list":["post-20341","post","type-post","status-publish","format-standard","hentry","category-uniwersytet-szczecinski","category-wydzial-kultury-fizycznej-i-zdrowia","tag-biegi","tag-lekkoatletyka","tag-memorial-wieslawa-maniaka","tag-mityng","tag-patryk-dobek","subpage_bus-sport-i-rekreacja","subpage_bus-sport-i-turystyka","subpage_bus-sylwetki"],"_links":{"self":[{"href":"https:\/\/historiaus.usz.edu.pl\/index.php?rest_route=\/wp\/v2\/posts\/20341","targetHints":{"allow":["GET"]}}],"collection":[{"href":"https:\/\/historiaus.usz.edu.pl\/index.php?rest_route=\/wp\/v2\/posts"}],"about":[{"href":"https:\/\/historiaus.usz.edu.pl\/index.php?rest_route=\/wp\/v2\/types\/post"}],"author":[{"embeddable":true,"href":"https:\/\/historiaus.usz.edu.pl\/index.php?rest_route=\/wp\/v2\/users\/10"}],"replies":[{"embeddable":true,"href":"https:\/\/historiaus.usz.edu.pl\/index.php?rest_route=%2Fwp%2Fv2%2Fcomments&post=20341"}],"version-history":[{"count":2,"href":"https:\/\/historiaus.usz.edu.pl\/index.php?rest_route=\/wp\/v2\/posts\/20341\/revisions"}],"predecessor-version":[{"id":20346,"href":"https:\/\/historiaus.usz.edu.pl\/index.php?rest_route=\/wp\/v2\/posts\/20341\/revisions\/20346"}],"wp:attachment":[{"href":"https:\/\/historiaus.usz.edu.pl\/index.php?rest_route=%2Fwp%2Fv2%2Fmedia&parent=20341"}],"wp:term":[{"taxonomy":"category","embeddable":true,"href":"https:\/\/historiaus.usz.edu.pl\/index.php?rest_route=%2Fwp%2Fv2%2Fcategories&post=20341"},{"taxonomy":"post_tag","embeddable":true,"href":"https:\/\/historiaus.usz.edu.pl\/index.php?rest_route=%2Fwp%2Fv2%2Ftags&post=20341"},{"taxonomy":"subpage_bus","embeddable":true,"href":"https:\/\/historiaus.usz.edu.pl\/index.php?rest_route=%2Fwp%2Fv2%2Fsubpage_bus&post=20341"}],"curies":[{"name":"wp","href":"https:\/\/api.w.org\/{rel}","templated":true}]}}