{"id":20347,"date":"2022-09-29T13:17:58","date_gmt":"2022-09-29T11:17:58","guid":{"rendered":"https:\/\/historiaus.usz.edu.pl\/?p=20347"},"modified":"2022-09-29T13:17:59","modified_gmt":"2022-09-29T11:17:59","slug":"pamietajmy-o-ludziach-solidarnosci-to-piekna-historia-szczecina-i-polski","status":"publish","type":"post","link":"https:\/\/historiaus.usz.edu.pl\/?p=20347","title":{"rendered":"Pami\u0119tajmy o ludziach Solidarno\u015bci. To pi\u0119kna historia Szczecina i Polski"},"content":{"rendered":"\n<figure class=\"wp-block-image size-full\"><a href=\"https:\/\/historiaus.usz.edu.pl\/wp-content\/uploads\/2022\/09\/GSz-30.08.2022-Nr-201-s.-2.jpg\"><img loading=\"lazy\" decoding=\"async\" width=\"1345\" height=\"1153\" src=\"https:\/\/historiaus.usz.edu.pl\/wp-content\/uploads\/2022\/09\/GSz-30.08.2022-Nr-201-s.-2.jpg\" alt=\"\" class=\"wp-image-20348\" srcset=\"https:\/\/historiaus.usz.edu.pl\/wp-content\/uploads\/2022\/09\/GSz-30.08.2022-Nr-201-s.-2.jpg 1345w, https:\/\/historiaus.usz.edu.pl\/wp-content\/uploads\/2022\/09\/GSz-30.08.2022-Nr-201-s.-2-350x300.jpg 350w, https:\/\/historiaus.usz.edu.pl\/wp-content\/uploads\/2022\/09\/GSz-30.08.2022-Nr-201-s.-2-768x658.jpg 768w\" sizes=\"auto, (max-width: 1345px) 100vw, 1345px\" \/><\/a><\/figure>\n","protected":false},"excerpt":{"rendered":"","protected":false},"author":10,"featured_media":0,"comment_status":"closed","ping_status":"closed","sticky":false,"template":"","format":"standard","meta":{"footnotes":""},"categories":[1484],"tags":[5644,5305,5643],"subpage_bus":[2816,4519,86,343],"class_list":["post-20347","post","type-post","status-publish","format-standard","hentry","category-uniwersytet-szczecinski","tag-dr-artur-kubaj","tag-historyk","tag-instytut-pamieci-narodowej","subpage_bus-absolwenci","subpage_bus-historia","subpage_bus-sylwetki","subpage_bus-wywiad"],"_links":{"self":[{"href":"https:\/\/historiaus.usz.edu.pl\/index.php?rest_route=\/wp\/v2\/posts\/20347","targetHints":{"allow":["GET"]}}],"collection":[{"href":"https:\/\/historiaus.usz.edu.pl\/index.php?rest_route=\/wp\/v2\/posts"}],"about":[{"href":"https:\/\/historiaus.usz.edu.pl\/index.php?rest_route=\/wp\/v2\/types\/post"}],"author":[{"embeddable":true,"href":"https:\/\/historiaus.usz.edu.pl\/index.php?rest_route=\/wp\/v2\/users\/10"}],"replies":[{"embeddable":true,"href":"https:\/\/historiaus.usz.edu.pl\/index.php?rest_route=%2Fwp%2Fv2%2Fcomments&post=20347"}],"version-history":[{"count":1,"href":"https:\/\/historiaus.usz.edu.pl\/index.php?rest_route=\/wp\/v2\/posts\/20347\/revisions"}],"predecessor-version":[{"id":20349,"href":"https:\/\/historiaus.usz.edu.pl\/index.php?rest_route=\/wp\/v2\/posts\/20347\/revisions\/20349"}],"wp:attachment":[{"href":"https:\/\/historiaus.usz.edu.pl\/index.php?rest_route=%2Fwp%2Fv2%2Fmedia&parent=20347"}],"wp:term":[{"taxonomy":"category","embeddable":true,"href":"https:\/\/historiaus.usz.edu.pl\/index.php?rest_route=%2Fwp%2Fv2%2Fcategories&post=20347"},{"taxonomy":"post_tag","embeddable":true,"href":"https:\/\/historiaus.usz.edu.pl\/index.php?rest_route=%2Fwp%2Fv2%2Ftags&post=20347"},{"taxonomy":"subpage_bus","embeddable":true,"href":"https:\/\/historiaus.usz.edu.pl\/index.php?rest_route=%2Fwp%2Fv2%2Fsubpage_bus&post=20347"}],"curies":[{"name":"wp","href":"https:\/\/api.w.org\/{rel}","templated":true}]}}