{"id":20723,"date":"2022-12-21T09:07:20","date_gmt":"2022-12-21T08:07:20","guid":{"rendered":"https:\/\/historiaus.usz.edu.pl\/?p=20723"},"modified":"2023-01-04T14:18:12","modified_gmt":"2023-01-04T13:18:12","slug":"slady-i-biografie-szczecinskich-zydow","status":"publish","type":"post","link":"https:\/\/historiaus.usz.edu.pl\/?p=20723","title":{"rendered":"\u015alady i biografie szczeci\u0144skich \u017byd\u00f3w"},"content":{"rendered":"\n<figure class=\"wp-block-image size-full\"><a href=\"https:\/\/historiaus.usz.edu.pl\/wp-content\/uploads\/2022\/12\/KSz-12.10.2022-Nr-198-s.-5-Krasucki.jpg\"><img loading=\"lazy\" decoding=\"async\" width=\"1522\" height=\"753\" src=\"https:\/\/historiaus.usz.edu.pl\/wp-content\/uploads\/2022\/12\/KSz-12.10.2022-Nr-198-s.-5-Krasucki.jpg\" alt=\"\" class=\"wp-image-20724\" srcset=\"https:\/\/historiaus.usz.edu.pl\/wp-content\/uploads\/2022\/12\/KSz-12.10.2022-Nr-198-s.-5-Krasucki.jpg 1522w, https:\/\/historiaus.usz.edu.pl\/wp-content\/uploads\/2022\/12\/KSz-12.10.2022-Nr-198-s.-5-Krasucki-450x223.jpg 450w, https:\/\/historiaus.usz.edu.pl\/wp-content\/uploads\/2022\/12\/KSz-12.10.2022-Nr-198-s.-5-Krasucki-768x380.jpg 768w\" sizes=\"auto, (max-width: 1522px) 100vw, 1522px\" \/><\/a><\/figure>\n","protected":false},"excerpt":{"rendered":"","protected":false},"author":10,"featured_media":0,"comment_status":"closed","ping_status":"closed","sticky":false,"template":"","format":"standard","meta":{"footnotes":""},"categories":[4939,1484],"tags":[5696,5695,159,5305],"subpage_bus":[60,86],"class_list":["post-20723","post","type-post","status-publish","format-standard","hentry","category-instytut-historyczny","category-uniwersytet-szczecinski","tag-sladami-szczecinskich-zydow","tag-biografie-szczecinskich-zydow","tag-dr-eryk-krasucki","tag-historyk","subpage_bus-kultura","subpage_bus-sylwetki"],"_links":{"self":[{"href":"https:\/\/historiaus.usz.edu.pl\/index.php?rest_route=\/wp\/v2\/posts\/20723","targetHints":{"allow":["GET"]}}],"collection":[{"href":"https:\/\/historiaus.usz.edu.pl\/index.php?rest_route=\/wp\/v2\/posts"}],"about":[{"href":"https:\/\/historiaus.usz.edu.pl\/index.php?rest_route=\/wp\/v2\/types\/post"}],"author":[{"embeddable":true,"href":"https:\/\/historiaus.usz.edu.pl\/index.php?rest_route=\/wp\/v2\/users\/10"}],"replies":[{"embeddable":true,"href":"https:\/\/historiaus.usz.edu.pl\/index.php?rest_route=%2Fwp%2Fv2%2Fcomments&post=20723"}],"version-history":[{"count":1,"href":"https:\/\/historiaus.usz.edu.pl\/index.php?rest_route=\/wp\/v2\/posts\/20723\/revisions"}],"predecessor-version":[{"id":20725,"href":"https:\/\/historiaus.usz.edu.pl\/index.php?rest_route=\/wp\/v2\/posts\/20723\/revisions\/20725"}],"wp:attachment":[{"href":"https:\/\/historiaus.usz.edu.pl\/index.php?rest_route=%2Fwp%2Fv2%2Fmedia&parent=20723"}],"wp:term":[{"taxonomy":"category","embeddable":true,"href":"https:\/\/historiaus.usz.edu.pl\/index.php?rest_route=%2Fwp%2Fv2%2Fcategories&post=20723"},{"taxonomy":"post_tag","embeddable":true,"href":"https:\/\/historiaus.usz.edu.pl\/index.php?rest_route=%2Fwp%2Fv2%2Ftags&post=20723"},{"taxonomy":"subpage_bus","embeddable":true,"href":"https:\/\/historiaus.usz.edu.pl\/index.php?rest_route=%2Fwp%2Fv2%2Fsubpage_bus&post=20723"}],"curies":[{"name":"wp","href":"https:\/\/api.w.org\/{rel}","templated":true}]}}