{"id":20748,"date":"2022-12-29T14:43:00","date_gmt":"2022-12-29T13:43:00","guid":{"rendered":"https:\/\/historiaus.usz.edu.pl\/?p=20748"},"modified":"2023-01-10T08:07:47","modified_gmt":"2023-01-10T07:07:47","slug":"lacza-je-wyjatkowe-wspomnienia","status":"publish","type":"post","link":"https:\/\/historiaus.usz.edu.pl\/?p=20748","title":{"rendered":"\u0141\u0105cz\u0105 je wyj\u0105tkowe wspomnienia"},"content":{"rendered":"\n<figure class=\"wp-block-image size-full\"><a href=\"https:\/\/historiaus.usz.edu.pl\/wp-content\/uploads\/2022\/12\/KSz-27.10.2022-Nr-209-s.-8-9.jpg\"><img loading=\"lazy\" decoding=\"async\" width=\"1512\" height=\"745\" src=\"https:\/\/historiaus.usz.edu.pl\/wp-content\/uploads\/2022\/12\/KSz-27.10.2022-Nr-209-s.-8-9.jpg\" alt=\"\" class=\"wp-image-20749\" srcset=\"https:\/\/historiaus.usz.edu.pl\/wp-content\/uploads\/2022\/12\/KSz-27.10.2022-Nr-209-s.-8-9.jpg 1512w, https:\/\/historiaus.usz.edu.pl\/wp-content\/uploads\/2022\/12\/KSz-27.10.2022-Nr-209-s.-8-9-450x222.jpg 450w, https:\/\/historiaus.usz.edu.pl\/wp-content\/uploads\/2022\/12\/KSz-27.10.2022-Nr-209-s.-8-9-768x378.jpg 768w\" sizes=\"auto, (max-width: 1512px) 100vw, 1512px\" \/><\/a><\/figure>\n","protected":false},"excerpt":{"rendered":"","protected":false},"author":10,"featured_media":0,"comment_status":"closed","ping_status":"closed","sticky":false,"template":"","format":"standard","meta":{"footnotes":""},"categories":[1484],"tags":[5725,5723,5724,370,5721],"subpage_bus":[2816,3754,56],"class_list":["post-20748","post","type-post","status-publish","format-standard","hentry","category-uniwersytet-szczecinski","tag-35-lat","tag-absolwentki","tag-nauczanie-poczatkowe","tag-wspomnienia","tag-wyzsza-szkola-pedagogiczna","subpage_bus-absolwenci","subpage_bus-oswiata-i-szkolnictwo","subpage_bus-zycie-spoleczne"],"_links":{"self":[{"href":"https:\/\/historiaus.usz.edu.pl\/index.php?rest_route=\/wp\/v2\/posts\/20748","targetHints":{"allow":["GET"]}}],"collection":[{"href":"https:\/\/historiaus.usz.edu.pl\/index.php?rest_route=\/wp\/v2\/posts"}],"about":[{"href":"https:\/\/historiaus.usz.edu.pl\/index.php?rest_route=\/wp\/v2\/types\/post"}],"author":[{"embeddable":true,"href":"https:\/\/historiaus.usz.edu.pl\/index.php?rest_route=\/wp\/v2\/users\/10"}],"replies":[{"embeddable":true,"href":"https:\/\/historiaus.usz.edu.pl\/index.php?rest_route=%2Fwp%2Fv2%2Fcomments&post=20748"}],"version-history":[{"count":1,"href":"https:\/\/historiaus.usz.edu.pl\/index.php?rest_route=\/wp\/v2\/posts\/20748\/revisions"}],"predecessor-version":[{"id":20750,"href":"https:\/\/historiaus.usz.edu.pl\/index.php?rest_route=\/wp\/v2\/posts\/20748\/revisions\/20750"}],"wp:attachment":[{"href":"https:\/\/historiaus.usz.edu.pl\/index.php?rest_route=%2Fwp%2Fv2%2Fmedia&parent=20748"}],"wp:term":[{"taxonomy":"category","embeddable":true,"href":"https:\/\/historiaus.usz.edu.pl\/index.php?rest_route=%2Fwp%2Fv2%2Fcategories&post=20748"},{"taxonomy":"post_tag","embeddable":true,"href":"https:\/\/historiaus.usz.edu.pl\/index.php?rest_route=%2Fwp%2Fv2%2Ftags&post=20748"},{"taxonomy":"subpage_bus","embeddable":true,"href":"https:\/\/historiaus.usz.edu.pl\/index.php?rest_route=%2Fwp%2Fv2%2Fsubpage_bus&post=20748"}],"curies":[{"name":"wp","href":"https:\/\/api.w.org\/{rel}","templated":true}]}}