{"id":20757,"date":"2023-01-10T10:29:38","date_gmt":"2023-01-10T09:29:38","guid":{"rendered":"https:\/\/historiaus.usz.edu.pl\/?p=20757"},"modified":"2023-01-11T15:10:06","modified_gmt":"2023-01-11T14:10:06","slug":"szczecinskie-uczelnie-zademonstrowaly-jednosc","status":"publish","type":"post","link":"https:\/\/historiaus.usz.edu.pl\/?p=20757","title":{"rendered":"Szczeci\u0144skie uczelnie zademonstrowa\u0142y jedno\u015b\u0107"},"content":{"rendered":"\n<figure class=\"wp-block-image size-full\"><a href=\"https:\/\/historiaus.usz.edu.pl\/wp-content\/uploads\/2023\/01\/KSz-03.10.2022-Nr-191-s.1-uczelnie.jpg\"><img loading=\"lazy\" decoding=\"async\" width=\"319\" height=\"359\" src=\"https:\/\/historiaus.usz.edu.pl\/wp-content\/uploads\/2023\/01\/KSz-03.10.2022-Nr-191-s.1-uczelnie.jpg\" alt=\"\" class=\"wp-image-20887\" srcset=\"https:\/\/historiaus.usz.edu.pl\/wp-content\/uploads\/2023\/01\/KSz-03.10.2022-Nr-191-s.1-uczelnie.jpg 319w, https:\/\/historiaus.usz.edu.pl\/wp-content\/uploads\/2023\/01\/KSz-03.10.2022-Nr-191-s.1-uczelnie-267x300.jpg 267w\" sizes=\"auto, (max-width: 319px) 100vw, 319px\" \/><\/a><figcaption class=\"wp-element-caption\">s. 1<\/figcaption><\/figure>\n\n\n\n<figure class=\"wp-block-image size-full\"><a href=\"https:\/\/historiaus.usz.edu.pl\/wp-content\/uploads\/2023\/01\/KSz-03.10.2022-Nr-191-s.-6-Szcz.Ucz_.cz_.II_-2.jpg\"><img loading=\"lazy\" decoding=\"async\" width=\"934\" height=\"2288\" src=\"https:\/\/historiaus.usz.edu.pl\/wp-content\/uploads\/2023\/01\/KSz-03.10.2022-Nr-191-s.-6-Szcz.Ucz_.cz_.II_-2.jpg\" alt=\"\" class=\"wp-image-20869\" srcset=\"https:\/\/historiaus.usz.edu.pl\/wp-content\/uploads\/2023\/01\/KSz-03.10.2022-Nr-191-s.-6-Szcz.Ucz_.cz_.II_-2.jpg 934w, https:\/\/historiaus.usz.edu.pl\/wp-content\/uploads\/2023\/01\/KSz-03.10.2022-Nr-191-s.-6-Szcz.Ucz_.cz_.II_-2-122x300.jpg 122w, https:\/\/historiaus.usz.edu.pl\/wp-content\/uploads\/2023\/01\/KSz-03.10.2022-Nr-191-s.-6-Szcz.Ucz_.cz_.II_-2-768x1881.jpg 768w, https:\/\/historiaus.usz.edu.pl\/wp-content\/uploads\/2023\/01\/KSz-03.10.2022-Nr-191-s.-6-Szcz.Ucz_.cz_.II_-2-627x1536.jpg 627w, https:\/\/historiaus.usz.edu.pl\/wp-content\/uploads\/2023\/01\/KSz-03.10.2022-Nr-191-s.-6-Szcz.Ucz_.cz_.II_-2-836x2048.jpg 836w\" sizes=\"auto, (max-width: 934px) 100vw, 934px\" \/><\/a><figcaption class=\"wp-element-caption\">s. 6<\/figcaption><\/figure>\n","protected":false},"excerpt":{"rendered":"","protected":false},"author":10,"featured_media":0,"comment_status":"closed","ping_status":"closed","sticky":false,"template":"","format":"standard","meta":{"footnotes":""},"categories":[1484,70],"tags":[5667,5743,225,1320,5744,5742],"subpage_bus":[53,86],"class_list":["post-20757","post","type-post","status-publish","format-standard","hentry","category-uniwersytet-szczecinski","category-wydzial-humanistyczny","tag-spacerek-na-uniwerek","tag-demonstracja-jednosci","tag-miasteczko-akademickie","tag-prof-dr-hab-waldemar-tarczynski","tag-przemarsz","tag-rok-akademicki-2022-2023","subpage_bus-inauguracja-roku-akademickiego","subpage_bus-sylwetki"],"_links":{"self":[{"href":"https:\/\/historiaus.usz.edu.pl\/index.php?rest_route=\/wp\/v2\/posts\/20757","targetHints":{"allow":["GET"]}}],"collection":[{"href":"https:\/\/historiaus.usz.edu.pl\/index.php?rest_route=\/wp\/v2\/posts"}],"about":[{"href":"https:\/\/historiaus.usz.edu.pl\/index.php?rest_route=\/wp\/v2\/types\/post"}],"author":[{"embeddable":true,"href":"https:\/\/historiaus.usz.edu.pl\/index.php?rest_route=\/wp\/v2\/users\/10"}],"replies":[{"embeddable":true,"href":"https:\/\/historiaus.usz.edu.pl\/index.php?rest_route=%2Fwp%2Fv2%2Fcomments&post=20757"}],"version-history":[{"count":2,"href":"https:\/\/historiaus.usz.edu.pl\/index.php?rest_route=\/wp\/v2\/posts\/20757\/revisions"}],"predecessor-version":[{"id":20889,"href":"https:\/\/historiaus.usz.edu.pl\/index.php?rest_route=\/wp\/v2\/posts\/20757\/revisions\/20889"}],"wp:attachment":[{"href":"https:\/\/historiaus.usz.edu.pl\/index.php?rest_route=%2Fwp%2Fv2%2Fmedia&parent=20757"}],"wp:term":[{"taxonomy":"category","embeddable":true,"href":"https:\/\/historiaus.usz.edu.pl\/index.php?rest_route=%2Fwp%2Fv2%2Fcategories&post=20757"},{"taxonomy":"post_tag","embeddable":true,"href":"https:\/\/historiaus.usz.edu.pl\/index.php?rest_route=%2Fwp%2Fv2%2Ftags&post=20757"},{"taxonomy":"subpage_bus","embeddable":true,"href":"https:\/\/historiaus.usz.edu.pl\/index.php?rest_route=%2Fwp%2Fv2%2Fsubpage_bus&post=20757"}],"curies":[{"name":"wp","href":"https:\/\/api.w.org\/{rel}","templated":true}]}}