{"id":20848,"date":"2023-01-05T14:39:22","date_gmt":"2023-01-05T13:39:22","guid":{"rendered":"https:\/\/historiaus.usz.edu.pl\/?p=20848"},"modified":"2023-01-05T14:39:23","modified_gmt":"2023-01-05T13:39:23","slug":"co-sie-zdarzylo-na-uniwersytecie-szczecinskim","status":"publish","type":"post","link":"https:\/\/historiaus.usz.edu.pl\/?p=20848","title":{"rendered":"Co si\u0119 zdarzy\u0142o na Uniwersytecie Szczeci\u0144skim?"},"content":{"rendered":"\n<figure class=\"wp-block-image size-full\"><a href=\"https:\/\/historiaus.usz.edu.pl\/wp-content\/uploads\/2023\/01\/KSz-10-13.11.2022-Nr-218-s.-1-cz.1.jpg\"><img loading=\"lazy\" decoding=\"async\" width=\"919\" height=\"587\" src=\"https:\/\/historiaus.usz.edu.pl\/wp-content\/uploads\/2023\/01\/KSz-10-13.11.2022-Nr-218-s.-1-cz.1.jpg\" alt=\"\" class=\"wp-image-20849\" srcset=\"https:\/\/historiaus.usz.edu.pl\/wp-content\/uploads\/2023\/01\/KSz-10-13.11.2022-Nr-218-s.-1-cz.1.jpg 919w, https:\/\/historiaus.usz.edu.pl\/wp-content\/uploads\/2023\/01\/KSz-10-13.11.2022-Nr-218-s.-1-cz.1-450x287.jpg 450w, https:\/\/historiaus.usz.edu.pl\/wp-content\/uploads\/2023\/01\/KSz-10-13.11.2022-Nr-218-s.-1-cz.1-768x491.jpg 768w\" sizes=\"auto, (max-width: 919px) 100vw, 919px\" \/><\/a><figcaption class=\"wp-element-caption\">s. 1<\/figcaption><\/figure>\n\n\n\n<figure class=\"wp-block-image size-full\"><a href=\"https:\/\/historiaus.usz.edu.pl\/wp-content\/uploads\/2023\/01\/KSz-10-13.11.2022-Nr-218-s.-3-cz.2.jpg\"><img loading=\"lazy\" decoding=\"async\" width=\"1545\" height=\"865\" src=\"https:\/\/historiaus.usz.edu.pl\/wp-content\/uploads\/2023\/01\/KSz-10-13.11.2022-Nr-218-s.-3-cz.2.jpg\" alt=\"\" class=\"wp-image-20850\" srcset=\"https:\/\/historiaus.usz.edu.pl\/wp-content\/uploads\/2023\/01\/KSz-10-13.11.2022-Nr-218-s.-3-cz.2.jpg 1545w, https:\/\/historiaus.usz.edu.pl\/wp-content\/uploads\/2023\/01\/KSz-10-13.11.2022-Nr-218-s.-3-cz.2-450x252.jpg 450w, https:\/\/historiaus.usz.edu.pl\/wp-content\/uploads\/2023\/01\/KSz-10-13.11.2022-Nr-218-s.-3-cz.2-768x430.jpg 768w, https:\/\/historiaus.usz.edu.pl\/wp-content\/uploads\/2023\/01\/KSz-10-13.11.2022-Nr-218-s.-3-cz.2-1536x860.jpg 1536w\" sizes=\"auto, (max-width: 1545px) 100vw, 1545px\" \/><\/a><figcaption class=\"wp-element-caption\">s. 3<\/figcaption><\/figure>\n","protected":false},"excerpt":{"rendered":"","protected":false},"author":10,"featured_media":0,"comment_status":"closed","ping_status":"closed","sticky":false,"template":"","format":"standard","meta":{"footnotes":""},"categories":[1484],"tags":[5716,5715],"subpage_bus":[3457,2361],"class_list":["post-20848","post","type-post","status-publish","format-standard","hentry","category-uniwersytet-szczecinski","tag-areszt","tag-zatrzymany-student","subpage_bus-prawo","subpage_bus-sprawy-socjalne"],"_links":{"self":[{"href":"https:\/\/historiaus.usz.edu.pl\/index.php?rest_route=\/wp\/v2\/posts\/20848","targetHints":{"allow":["GET"]}}],"collection":[{"href":"https:\/\/historiaus.usz.edu.pl\/index.php?rest_route=\/wp\/v2\/posts"}],"about":[{"href":"https:\/\/historiaus.usz.edu.pl\/index.php?rest_route=\/wp\/v2\/types\/post"}],"author":[{"embeddable":true,"href":"https:\/\/historiaus.usz.edu.pl\/index.php?rest_route=\/wp\/v2\/users\/10"}],"replies":[{"embeddable":true,"href":"https:\/\/historiaus.usz.edu.pl\/index.php?rest_route=%2Fwp%2Fv2%2Fcomments&post=20848"}],"version-history":[{"count":1,"href":"https:\/\/historiaus.usz.edu.pl\/index.php?rest_route=\/wp\/v2\/posts\/20848\/revisions"}],"predecessor-version":[{"id":20851,"href":"https:\/\/historiaus.usz.edu.pl\/index.php?rest_route=\/wp\/v2\/posts\/20848\/revisions\/20851"}],"wp:attachment":[{"href":"https:\/\/historiaus.usz.edu.pl\/index.php?rest_route=%2Fwp%2Fv2%2Fmedia&parent=20848"}],"wp:term":[{"taxonomy":"category","embeddable":true,"href":"https:\/\/historiaus.usz.edu.pl\/index.php?rest_route=%2Fwp%2Fv2%2Fcategories&post=20848"},{"taxonomy":"post_tag","embeddable":true,"href":"https:\/\/historiaus.usz.edu.pl\/index.php?rest_route=%2Fwp%2Fv2%2Ftags&post=20848"},{"taxonomy":"subpage_bus","embeddable":true,"href":"https:\/\/historiaus.usz.edu.pl\/index.php?rest_route=%2Fwp%2Fv2%2Fsubpage_bus&post=20848"}],"curies":[{"name":"wp","href":"https:\/\/api.w.org\/{rel}","templated":true}]}}