{"id":20992,"date":"2023-01-13T16:30:01","date_gmt":"2023-01-13T15:30:01","guid":{"rendered":"https:\/\/historiaus.usz.edu.pl\/?p=20992"},"modified":"2023-01-25T08:24:50","modified_gmt":"2023-01-25T07:24:50","slug":"szczecinskie-swieto-literatury","status":"publish","type":"post","link":"https:\/\/historiaus.usz.edu.pl\/?p=20992","title":{"rendered":"Szczeci\u0144skie \u015bwi\u0119to literatury"},"content":{"rendered":"\n<figure class=\"wp-block-image size-full\"><a href=\"https:\/\/historiaus.usz.edu.pl\/wp-content\/uploads\/2023\/01\/KSz-25-27.11.2022-Nr-228-s.-2-Wojtyla.jpg\"><img loading=\"lazy\" decoding=\"async\" width=\"1506\" height=\"645\" src=\"https:\/\/historiaus.usz.edu.pl\/wp-content\/uploads\/2023\/01\/KSz-25-27.11.2022-Nr-228-s.-2-Wojtyla.jpg\" alt=\"\" class=\"wp-image-20993\" srcset=\"https:\/\/historiaus.usz.edu.pl\/wp-content\/uploads\/2023\/01\/KSz-25-27.11.2022-Nr-228-s.-2-Wojtyla.jpg 1506w, https:\/\/historiaus.usz.edu.pl\/wp-content\/uploads\/2023\/01\/KSz-25-27.11.2022-Nr-228-s.-2-Wojtyla-450x193.jpg 450w, https:\/\/historiaus.usz.edu.pl\/wp-content\/uploads\/2023\/01\/KSz-25-27.11.2022-Nr-228-s.-2-Wojtyla-768x329.jpg 768w\" sizes=\"auto, (max-width: 1506px) 100vw, 1506px\" \/><\/a><\/figure>\n","protected":false},"excerpt":{"rendered":"","protected":false},"author":10,"featured_media":0,"comment_status":"closed","ping_status":"closed","sticky":false,"template":"","format":"standard","meta":{"footnotes":""},"categories":[1484],"tags":[5774,5044,5773,5772],"subpage_bus":[60,86],"class_list":["post-20992","post","type-post","status-publish","format-standard","hentry","category-uniwersytet-szczecinski","tag-odkrywcy-wyobrazni","tag-dr-konrad-wojtyla","tag-festiwal-czytania","tag-swieto-literatutry","subpage_bus-kultura","subpage_bus-sylwetki"],"_links":{"self":[{"href":"https:\/\/historiaus.usz.edu.pl\/index.php?rest_route=\/wp\/v2\/posts\/20992","targetHints":{"allow":["GET"]}}],"collection":[{"href":"https:\/\/historiaus.usz.edu.pl\/index.php?rest_route=\/wp\/v2\/posts"}],"about":[{"href":"https:\/\/historiaus.usz.edu.pl\/index.php?rest_route=\/wp\/v2\/types\/post"}],"author":[{"embeddable":true,"href":"https:\/\/historiaus.usz.edu.pl\/index.php?rest_route=\/wp\/v2\/users\/10"}],"replies":[{"embeddable":true,"href":"https:\/\/historiaus.usz.edu.pl\/index.php?rest_route=%2Fwp%2Fv2%2Fcomments&post=20992"}],"version-history":[{"count":1,"href":"https:\/\/historiaus.usz.edu.pl\/index.php?rest_route=\/wp\/v2\/posts\/20992\/revisions"}],"predecessor-version":[{"id":20994,"href":"https:\/\/historiaus.usz.edu.pl\/index.php?rest_route=\/wp\/v2\/posts\/20992\/revisions\/20994"}],"wp:attachment":[{"href":"https:\/\/historiaus.usz.edu.pl\/index.php?rest_route=%2Fwp%2Fv2%2Fmedia&parent=20992"}],"wp:term":[{"taxonomy":"category","embeddable":true,"href":"https:\/\/historiaus.usz.edu.pl\/index.php?rest_route=%2Fwp%2Fv2%2Fcategories&post=20992"},{"taxonomy":"post_tag","embeddable":true,"href":"https:\/\/historiaus.usz.edu.pl\/index.php?rest_route=%2Fwp%2Fv2%2Ftags&post=20992"},{"taxonomy":"subpage_bus","embeddable":true,"href":"https:\/\/historiaus.usz.edu.pl\/index.php?rest_route=%2Fwp%2Fv2%2Fsubpage_bus&post=20992"}],"curies":[{"name":"wp","href":"https:\/\/api.w.org\/{rel}","templated":true}]}}