{"id":21214,"date":"2023-01-21T13:18:54","date_gmt":"2023-01-21T12:18:54","guid":{"rendered":"https:\/\/historiaus.usz.edu.pl\/?p=21214"},"modified":"2023-01-23T09:11:30","modified_gmt":"2023-01-23T08:11:30","slug":"terror-byl-zbyt-duzy-aby-isc-na-ugode-z-carem","status":"publish","type":"post","link":"https:\/\/historiaus.usz.edu.pl\/?p=21214","title":{"rendered":"Terror by\u0142 zbyt du\u017cy, aby i\u015b\u0107 na ugod\u0119 z carem"},"content":{"rendered":"\n<figure class=\"wp-block-gallery has-nested-images columns-default is-cropped wp-block-gallery-1 is-layout-flex wp-block-gallery-is-layout-flex\">\n<figure class=\"wp-block-image size-large\"><a href=\"https:\/\/historiaus.usz.edu.pl\/wp-content\/uploads\/2023\/01\/KSz-20-22.01.2023-Nr-14-Magazyn-Kurier-nr-3-s.-3-Lizak.jpg\"><img loading=\"lazy\" decoding=\"async\" width=\"1247\" height=\"1754\" data-id=\"21215\" src=\"https:\/\/historiaus.usz.edu.pl\/wp-content\/uploads\/2023\/01\/KSz-20-22.01.2023-Nr-14-Magazyn-Kurier-nr-3-s.-3-Lizak.jpg\" alt=\"\" class=\"wp-image-21215\" srcset=\"https:\/\/historiaus.usz.edu.pl\/wp-content\/uploads\/2023\/01\/KSz-20-22.01.2023-Nr-14-Magazyn-Kurier-nr-3-s.-3-Lizak.jpg 1247w, https:\/\/historiaus.usz.edu.pl\/wp-content\/uploads\/2023\/01\/KSz-20-22.01.2023-Nr-14-Magazyn-Kurier-nr-3-s.-3-Lizak-213x300.jpg 213w, https:\/\/historiaus.usz.edu.pl\/wp-content\/uploads\/2023\/01\/KSz-20-22.01.2023-Nr-14-Magazyn-Kurier-nr-3-s.-3-Lizak-768x1080.jpg 768w, https:\/\/historiaus.usz.edu.pl\/wp-content\/uploads\/2023\/01\/KSz-20-22.01.2023-Nr-14-Magazyn-Kurier-nr-3-s.-3-Lizak-1092x1536.jpg 1092w\" sizes=\"auto, (max-width: 1247px) 100vw, 1247px\" \/><\/a><\/figure>\n<\/figure>\n","protected":false},"excerpt":{"rendered":"","protected":false},"author":10,"featured_media":0,"comment_status":"closed","ping_status":"closed","sticky":false,"template":"","format":"standard","meta":{"footnotes":""},"categories":[1484],"tags":[5307,5304,5747],"subpage_bus":[4519,86,343],"class_list":["post-21214","post","type-post","status-publish","format-standard","hentry","category-uniwersytet-szczecinski","tag-antykwariusz","tag-dr-wojciech-lizak-2","tag-muzeum-polskiego-szczecina","subpage_bus-historia","subpage_bus-sylwetki","subpage_bus-wywiad"],"_links":{"self":[{"href":"https:\/\/historiaus.usz.edu.pl\/index.php?rest_route=\/wp\/v2\/posts\/21214","targetHints":{"allow":["GET"]}}],"collection":[{"href":"https:\/\/historiaus.usz.edu.pl\/index.php?rest_route=\/wp\/v2\/posts"}],"about":[{"href":"https:\/\/historiaus.usz.edu.pl\/index.php?rest_route=\/wp\/v2\/types\/post"}],"author":[{"embeddable":true,"href":"https:\/\/historiaus.usz.edu.pl\/index.php?rest_route=\/wp\/v2\/users\/10"}],"replies":[{"embeddable":true,"href":"https:\/\/historiaus.usz.edu.pl\/index.php?rest_route=%2Fwp%2Fv2%2Fcomments&post=21214"}],"version-history":[{"count":2,"href":"https:\/\/historiaus.usz.edu.pl\/index.php?rest_route=\/wp\/v2\/posts\/21214\/revisions"}],"predecessor-version":[{"id":21217,"href":"https:\/\/historiaus.usz.edu.pl\/index.php?rest_route=\/wp\/v2\/posts\/21214\/revisions\/21217"}],"wp:attachment":[{"href":"https:\/\/historiaus.usz.edu.pl\/index.php?rest_route=%2Fwp%2Fv2%2Fmedia&parent=21214"}],"wp:term":[{"taxonomy":"category","embeddable":true,"href":"https:\/\/historiaus.usz.edu.pl\/index.php?rest_route=%2Fwp%2Fv2%2Fcategories&post=21214"},{"taxonomy":"post_tag","embeddable":true,"href":"https:\/\/historiaus.usz.edu.pl\/index.php?rest_route=%2Fwp%2Fv2%2Ftags&post=21214"},{"taxonomy":"subpage_bus","embeddable":true,"href":"https:\/\/historiaus.usz.edu.pl\/index.php?rest_route=%2Fwp%2Fv2%2Fsubpage_bus&post=21214"}],"curies":[{"name":"wp","href":"https:\/\/api.w.org\/{rel}","templated":true}]}}