{"id":21248,"date":"2023-01-24T13:04:59","date_gmt":"2023-01-24T12:04:59","guid":{"rendered":"https:\/\/historiaus.usz.edu.pl\/?p=21248"},"modified":"2023-01-24T13:05:01","modified_gmt":"2023-01-24T12:05:01","slug":"siodme-urodziny-przelomow","status":"publish","type":"post","link":"https:\/\/historiaus.usz.edu.pl\/?p=21248","title":{"rendered":"Si\u00f3dme urodziny &#8222;Prze\u0142om\u00f3w&#8221;"},"content":{"rendered":"\n<figure class=\"wp-block-gallery has-nested-images columns-default is-cropped wp-block-gallery-1 is-layout-flex wp-block-gallery-is-layout-flex\">\n<figure class=\"wp-block-image size-large\"><a href=\"https:\/\/historiaus.usz.edu.pl\/wp-content\/uploads\/2023\/01\/KSz-24.01.2023-Nr-16-s.-5-Krasucki.jpg\"><img loading=\"lazy\" decoding=\"async\" width=\"386\" height=\"799\" data-id=\"21249\" src=\"https:\/\/historiaus.usz.edu.pl\/wp-content\/uploads\/2023\/01\/KSz-24.01.2023-Nr-16-s.-5-Krasucki.jpg\" alt=\"\" class=\"wp-image-21249\" srcset=\"https:\/\/historiaus.usz.edu.pl\/wp-content\/uploads\/2023\/01\/KSz-24.01.2023-Nr-16-s.-5-Krasucki.jpg 386w, https:\/\/historiaus.usz.edu.pl\/wp-content\/uploads\/2023\/01\/KSz-24.01.2023-Nr-16-s.-5-Krasucki-145x300.jpg 145w\" sizes=\"auto, (max-width: 386px) 100vw, 386px\" \/><\/a><\/figure>\n<\/figure>\n","protected":false},"excerpt":{"rendered":"","protected":false},"author":10,"featured_media":0,"comment_status":"closed","ping_status":"closed","sticky":false,"template":"","format":"standard","meta":{"footnotes":""},"categories":[4939,1484],"tags":[5367,5030,5755,5276],"subpage_bus":[4519,60,86],"class_list":["post-21248","post","type-post","status-publish","format-standard","hentry","category-instytut-historyczny","category-uniwersytet-szczecinski","tag-centrum-dialogu-przelomy-2","tag-dr-hab-eryk-krasucki","tag-prelekcja","tag-spotkanie","subpage_bus-historia","subpage_bus-kultura","subpage_bus-sylwetki"],"_links":{"self":[{"href":"https:\/\/historiaus.usz.edu.pl\/index.php?rest_route=\/wp\/v2\/posts\/21248","targetHints":{"allow":["GET"]}}],"collection":[{"href":"https:\/\/historiaus.usz.edu.pl\/index.php?rest_route=\/wp\/v2\/posts"}],"about":[{"href":"https:\/\/historiaus.usz.edu.pl\/index.php?rest_route=\/wp\/v2\/types\/post"}],"author":[{"embeddable":true,"href":"https:\/\/historiaus.usz.edu.pl\/index.php?rest_route=\/wp\/v2\/users\/10"}],"replies":[{"embeddable":true,"href":"https:\/\/historiaus.usz.edu.pl\/index.php?rest_route=%2Fwp%2Fv2%2Fcomments&post=21248"}],"version-history":[{"count":1,"href":"https:\/\/historiaus.usz.edu.pl\/index.php?rest_route=\/wp\/v2\/posts\/21248\/revisions"}],"predecessor-version":[{"id":21250,"href":"https:\/\/historiaus.usz.edu.pl\/index.php?rest_route=\/wp\/v2\/posts\/21248\/revisions\/21250"}],"wp:attachment":[{"href":"https:\/\/historiaus.usz.edu.pl\/index.php?rest_route=%2Fwp%2Fv2%2Fmedia&parent=21248"}],"wp:term":[{"taxonomy":"category","embeddable":true,"href":"https:\/\/historiaus.usz.edu.pl\/index.php?rest_route=%2Fwp%2Fv2%2Fcategories&post=21248"},{"taxonomy":"post_tag","embeddable":true,"href":"https:\/\/historiaus.usz.edu.pl\/index.php?rest_route=%2Fwp%2Fv2%2Ftags&post=21248"},{"taxonomy":"subpage_bus","embeddable":true,"href":"https:\/\/historiaus.usz.edu.pl\/index.php?rest_route=%2Fwp%2Fv2%2Fsubpage_bus&post=21248"}],"curies":[{"name":"wp","href":"https:\/\/api.w.org\/{rel}","templated":true}]}}