{"id":21370,"date":"2023-02-07T16:53:42","date_gmt":"2023-02-07T15:53:42","guid":{"rendered":"https:\/\/historiaus.usz.edu.pl\/?p=21370"},"modified":"2023-02-10T08:38:02","modified_gmt":"2023-02-10T07:38:02","slug":"wedkarze-planuja-tchnac-w-odre-wiecej-zycia-narybek-juz-czeka-ale-czy-w-wodzie-sa-dla-niego-dobre-warunki","status":"publish","type":"post","link":"https:\/\/historiaus.usz.edu.pl\/?p=21370","title":{"rendered":"W\u0119dkarze planuj\u0105 tchn\u0105\u0107 w Odr\u0119 wi\u0119cej \u017cycia. Narybek ju\u017c czeka, ale czy w wodzie s\u0105 dla niego dobre warunki?"},"content":{"rendered":"\n<figure class=\"wp-block-gallery has-nested-images columns-default is-cropped wp-block-gallery-1 is-layout-flex wp-block-gallery-is-layout-flex\">\n<figure class=\"wp-block-image size-large\"><a href=\"https:\/\/historiaus.usz.edu.pl\/wp-content\/uploads\/2023\/02\/GSz-02.02.2023-Nr-27-s.-4-Odra.jpg\"><img loading=\"lazy\" decoding=\"async\" width=\"1061\" height=\"708\" data-id=\"21371\" src=\"https:\/\/historiaus.usz.edu.pl\/wp-content\/uploads\/2023\/02\/GSz-02.02.2023-Nr-27-s.-4-Odra.jpg\" alt=\"\" class=\"wp-image-21371\" srcset=\"https:\/\/historiaus.usz.edu.pl\/wp-content\/uploads\/2023\/02\/GSz-02.02.2023-Nr-27-s.-4-Odra.jpg 1061w, https:\/\/historiaus.usz.edu.pl\/wp-content\/uploads\/2023\/02\/GSz-02.02.2023-Nr-27-s.-4-Odra-450x300.jpg 450w, https:\/\/historiaus.usz.edu.pl\/wp-content\/uploads\/2023\/02\/GSz-02.02.2023-Nr-27-s.-4-Odra-768x512.jpg 768w\" sizes=\"auto, (max-width: 1061px) 100vw, 1061px\" \/><\/a><\/figure>\n<\/figure>\n","protected":false},"excerpt":{"rendered":"","protected":false},"author":10,"featured_media":0,"comment_status":"closed","ping_status":"closed","sticky":false,"template":"","format":"standard","meta":{"footnotes":""},"categories":[1484],"tags":[5800,3024,5801,4860],"subpage_bus":[4868],"class_list":["post-21370","post","type-post","status-publish","format-standard","hentry","category-uniwersytet-szczecinski","tag-narybek","tag-odra","tag-polski-zwiazek-wedkarski","tag-zarybianie","subpage_bus-gospodarka"],"_links":{"self":[{"href":"https:\/\/historiaus.usz.edu.pl\/index.php?rest_route=\/wp\/v2\/posts\/21370","targetHints":{"allow":["GET"]}}],"collection":[{"href":"https:\/\/historiaus.usz.edu.pl\/index.php?rest_route=\/wp\/v2\/posts"}],"about":[{"href":"https:\/\/historiaus.usz.edu.pl\/index.php?rest_route=\/wp\/v2\/types\/post"}],"author":[{"embeddable":true,"href":"https:\/\/historiaus.usz.edu.pl\/index.php?rest_route=\/wp\/v2\/users\/10"}],"replies":[{"embeddable":true,"href":"https:\/\/historiaus.usz.edu.pl\/index.php?rest_route=%2Fwp%2Fv2%2Fcomments&post=21370"}],"version-history":[{"count":1,"href":"https:\/\/historiaus.usz.edu.pl\/index.php?rest_route=\/wp\/v2\/posts\/21370\/revisions"}],"predecessor-version":[{"id":21372,"href":"https:\/\/historiaus.usz.edu.pl\/index.php?rest_route=\/wp\/v2\/posts\/21370\/revisions\/21372"}],"wp:attachment":[{"href":"https:\/\/historiaus.usz.edu.pl\/index.php?rest_route=%2Fwp%2Fv2%2Fmedia&parent=21370"}],"wp:term":[{"taxonomy":"category","embeddable":true,"href":"https:\/\/historiaus.usz.edu.pl\/index.php?rest_route=%2Fwp%2Fv2%2Fcategories&post=21370"},{"taxonomy":"post_tag","embeddable":true,"href":"https:\/\/historiaus.usz.edu.pl\/index.php?rest_route=%2Fwp%2Fv2%2Ftags&post=21370"},{"taxonomy":"subpage_bus","embeddable":true,"href":"https:\/\/historiaus.usz.edu.pl\/index.php?rest_route=%2Fwp%2Fv2%2Fsubpage_bus&post=21370"}],"curies":[{"name":"wp","href":"https:\/\/api.w.org\/{rel}","templated":true}]}}