{"id":21376,"date":"2023-02-07T17:01:37","date_gmt":"2023-02-07T16:01:37","guid":{"rendered":"https:\/\/historiaus.usz.edu.pl\/?p=21376"},"modified":"2023-02-10T08:14:17","modified_gmt":"2023-02-10T07:14:17","slug":"rozpoczyna-sie-krotki-ale-intensywny-okres-halowych-mityngow","status":"publish","type":"post","link":"https:\/\/historiaus.usz.edu.pl\/?p=21376","title":{"rendered":"Rozpoczyna si\u0119 kr\u00f3tki, ale intensywny okres halowych mityng\u00f3w"},"content":{"rendered":"\n<figure class=\"wp-block-gallery has-nested-images columns-default is-cropped wp-block-gallery-1 is-layout-flex wp-block-gallery-is-layout-flex\">\n<figure class=\"wp-block-image size-large\"><a href=\"https:\/\/historiaus.usz.edu.pl\/wp-content\/uploads\/2023\/02\/GSz-02.02.2023-Nr-27-s.-16-Dobek..jpg\"><img loading=\"lazy\" decoding=\"async\" width=\"391\" height=\"797\" data-id=\"21377\" src=\"https:\/\/historiaus.usz.edu.pl\/wp-content\/uploads\/2023\/02\/GSz-02.02.2023-Nr-27-s.-16-Dobek..jpg\" alt=\"\" class=\"wp-image-21377\" srcset=\"https:\/\/historiaus.usz.edu.pl\/wp-content\/uploads\/2023\/02\/GSz-02.02.2023-Nr-27-s.-16-Dobek..jpg 391w, https:\/\/historiaus.usz.edu.pl\/wp-content\/uploads\/2023\/02\/GSz-02.02.2023-Nr-27-s.-16-Dobek.-147x300.jpg 147w\" sizes=\"auto, (max-width: 391px) 100vw, 391px\" \/><\/a><\/figure>\n<\/figure>\n","protected":false},"excerpt":{"rendered":"","protected":false},"author":10,"featured_media":0,"comment_status":"closed","ping_status":"closed","sticky":false,"template":"","format":"standard","meta":{"footnotes":""},"categories":[1484,5122],"tags":[5499,5799,2194,5071],"subpage_bus":[3747,61,86],"class_list":["post-21376","post","type-post","status-publish","format-standard","hentry","category-uniwersytet-szczecinski","category-wydzial-kultury-fizycznej-i-zdrowia","tag-biegi","tag-halowy-mityng","tag-lekkoatletyka","tag-patryk-dobek","subpage_bus-sport-i-rekreacja","subpage_bus-sport-i-turystyka","subpage_bus-sylwetki"],"_links":{"self":[{"href":"https:\/\/historiaus.usz.edu.pl\/index.php?rest_route=\/wp\/v2\/posts\/21376","targetHints":{"allow":["GET"]}}],"collection":[{"href":"https:\/\/historiaus.usz.edu.pl\/index.php?rest_route=\/wp\/v2\/posts"}],"about":[{"href":"https:\/\/historiaus.usz.edu.pl\/index.php?rest_route=\/wp\/v2\/types\/post"}],"author":[{"embeddable":true,"href":"https:\/\/historiaus.usz.edu.pl\/index.php?rest_route=\/wp\/v2\/users\/10"}],"replies":[{"embeddable":true,"href":"https:\/\/historiaus.usz.edu.pl\/index.php?rest_route=%2Fwp%2Fv2%2Fcomments&post=21376"}],"version-history":[{"count":1,"href":"https:\/\/historiaus.usz.edu.pl\/index.php?rest_route=\/wp\/v2\/posts\/21376\/revisions"}],"predecessor-version":[{"id":21378,"href":"https:\/\/historiaus.usz.edu.pl\/index.php?rest_route=\/wp\/v2\/posts\/21376\/revisions\/21378"}],"wp:attachment":[{"href":"https:\/\/historiaus.usz.edu.pl\/index.php?rest_route=%2Fwp%2Fv2%2Fmedia&parent=21376"}],"wp:term":[{"taxonomy":"category","embeddable":true,"href":"https:\/\/historiaus.usz.edu.pl\/index.php?rest_route=%2Fwp%2Fv2%2Fcategories&post=21376"},{"taxonomy":"post_tag","embeddable":true,"href":"https:\/\/historiaus.usz.edu.pl\/index.php?rest_route=%2Fwp%2Fv2%2Ftags&post=21376"},{"taxonomy":"subpage_bus","embeddable":true,"href":"https:\/\/historiaus.usz.edu.pl\/index.php?rest_route=%2Fwp%2Fv2%2Fsubpage_bus&post=21376"}],"curies":[{"name":"wp","href":"https:\/\/api.w.org\/{rel}","templated":true}]}}