{"id":21384,"date":"2023-02-09T10:39:17","date_gmt":"2023-02-09T09:39:17","guid":{"rendered":"https:\/\/historiaus.usz.edu.pl\/?p=21384"},"modified":"2023-02-09T10:39:18","modified_gmt":"2023-02-09T09:39:18","slug":"tskz-uczci-pamiec-szczecinskich-i-pomorskich-zydow","status":"publish","type":"post","link":"https:\/\/historiaus.usz.edu.pl\/?p=21384","title":{"rendered":"TSK\u017b uczci pami\u0119\u0107 szczeci\u0144skich i pomorskich \u017byd\u00f3w"},"content":{"rendered":"\n<figure class=\"wp-block-gallery has-nested-images columns-default is-cropped wp-block-gallery-1 is-layout-flex wp-block-gallery-is-layout-flex\">\n<figure class=\"wp-block-image size-large\"><a href=\"https:\/\/historiaus.usz.edu.pl\/wp-content\/uploads\/2023\/02\/KSz-09.02.2023-Nr-28-s.-4-Krasucki.jpg\"><img loading=\"lazy\" decoding=\"async\" width=\"799\" height=\"757\" data-id=\"21385\" src=\"https:\/\/historiaus.usz.edu.pl\/wp-content\/uploads\/2023\/02\/KSz-09.02.2023-Nr-28-s.-4-Krasucki.jpg\" alt=\"\" class=\"wp-image-21385\" srcset=\"https:\/\/historiaus.usz.edu.pl\/wp-content\/uploads\/2023\/02\/KSz-09.02.2023-Nr-28-s.-4-Krasucki.jpg 799w, https:\/\/historiaus.usz.edu.pl\/wp-content\/uploads\/2023\/02\/KSz-09.02.2023-Nr-28-s.-4-Krasucki-317x300.jpg 317w, https:\/\/historiaus.usz.edu.pl\/wp-content\/uploads\/2023\/02\/KSz-09.02.2023-Nr-28-s.-4-Krasucki-768x728.jpg 768w\" sizes=\"auto, (max-width: 799px) 100vw, 799px\" \/><\/a><\/figure>\n<\/figure>\n","protected":false},"excerpt":{"rendered":"","protected":false},"author":10,"featured_media":0,"comment_status":"closed","ping_status":"closed","sticky":false,"template":"","format":"standard","meta":{"footnotes":""},"categories":[1484],"tags":[5030,5021,5793,5192,203],"subpage_bus":[4519,60,86],"class_list":["post-21384","post","type-post","status-publish","format-standard","hentry","category-uniwersytet-szczecinski","tag-dr-hab-eryk-krasucki","tag-pamiec","tag-tskz","tag-wyklad","tag-zydzi","subpage_bus-historia","subpage_bus-kultura","subpage_bus-sylwetki"],"_links":{"self":[{"href":"https:\/\/historiaus.usz.edu.pl\/index.php?rest_route=\/wp\/v2\/posts\/21384","targetHints":{"allow":["GET"]}}],"collection":[{"href":"https:\/\/historiaus.usz.edu.pl\/index.php?rest_route=\/wp\/v2\/posts"}],"about":[{"href":"https:\/\/historiaus.usz.edu.pl\/index.php?rest_route=\/wp\/v2\/types\/post"}],"author":[{"embeddable":true,"href":"https:\/\/historiaus.usz.edu.pl\/index.php?rest_route=\/wp\/v2\/users\/10"}],"replies":[{"embeddable":true,"href":"https:\/\/historiaus.usz.edu.pl\/index.php?rest_route=%2Fwp%2Fv2%2Fcomments&post=21384"}],"version-history":[{"count":1,"href":"https:\/\/historiaus.usz.edu.pl\/index.php?rest_route=\/wp\/v2\/posts\/21384\/revisions"}],"predecessor-version":[{"id":21386,"href":"https:\/\/historiaus.usz.edu.pl\/index.php?rest_route=\/wp\/v2\/posts\/21384\/revisions\/21386"}],"wp:attachment":[{"href":"https:\/\/historiaus.usz.edu.pl\/index.php?rest_route=%2Fwp%2Fv2%2Fmedia&parent=21384"}],"wp:term":[{"taxonomy":"category","embeddable":true,"href":"https:\/\/historiaus.usz.edu.pl\/index.php?rest_route=%2Fwp%2Fv2%2Fcategories&post=21384"},{"taxonomy":"post_tag","embeddable":true,"href":"https:\/\/historiaus.usz.edu.pl\/index.php?rest_route=%2Fwp%2Fv2%2Ftags&post=21384"},{"taxonomy":"subpage_bus","embeddable":true,"href":"https:\/\/historiaus.usz.edu.pl\/index.php?rest_route=%2Fwp%2Fv2%2Fsubpage_bus&post=21384"}],"curies":[{"name":"wp","href":"https:\/\/api.w.org\/{rel}","templated":true}]}}