{"id":21848,"date":"2023-05-23T12:43:25","date_gmt":"2023-05-23T10:43:25","guid":{"rendered":"https:\/\/historiaus.usz.edu.pl\/?p=21848"},"modified":"2023-05-23T12:43:27","modified_gmt":"2023-05-23T10:43:27","slug":"popoludnie-chrzescijanstwa-oraz-bonhoeffer-i-havel","status":"publish","type":"post","link":"https:\/\/historiaus.usz.edu.pl\/?p=21848","title":{"rendered":"Popo\u0142udnie chrze\u015bcija\u0144stwa oraz Bonhoeffer i Havel"},"content":{"rendered":"\n<figure class=\"wp-block-image size-full\"><a href=\"https:\/\/historiaus.usz.edu.pl\/wp-content\/uploads\/2023\/05\/KSz-18.04.2023-Nr-s.-5-Colloquia.jpg\"><img loading=\"lazy\" decoding=\"async\" width=\"811\" height=\"588\" src=\"https:\/\/historiaus.usz.edu.pl\/wp-content\/uploads\/2023\/05\/KSz-18.04.2023-Nr-s.-5-Colloquia.jpg\" alt=\"\" class=\"wp-image-21849\" srcset=\"https:\/\/historiaus.usz.edu.pl\/wp-content\/uploads\/2023\/05\/KSz-18.04.2023-Nr-s.-5-Colloquia.jpg 811w, https:\/\/historiaus.usz.edu.pl\/wp-content\/uploads\/2023\/05\/KSz-18.04.2023-Nr-s.-5-Colloquia-414x300.jpg 414w, https:\/\/historiaus.usz.edu.pl\/wp-content\/uploads\/2023\/05\/KSz-18.04.2023-Nr-s.-5-Colloquia-768x557.jpg 768w\" sizes=\"auto, (max-width: 811px) 100vw, 811px\" \/><\/a><\/figure>\n","protected":false},"excerpt":{"rendered":"","protected":false},"author":10,"featured_media":0,"comment_status":"closed","ping_status":"closed","sticky":false,"template":"","format":"standard","meta":{"footnotes":""},"categories":[2709,1484],"tags":[5866,220,5867,5276],"subpage_bus":[49,60],"class_list":["post-21848","post","type-post","status-publish","format-standard","hentry","category-centrum-dydaktyczno-badawcze-nauk-przyrodniczych","category-uniwersytet-szczecinski","tag-colloquia-erasmiana","tag-debata","tag-ks-prof-tomas-halik","tag-spotkanie","subpage_bus-dzialalnosc-naukowa-i-dydaktyczna","subpage_bus-kultura"],"_links":{"self":[{"href":"https:\/\/historiaus.usz.edu.pl\/index.php?rest_route=\/wp\/v2\/posts\/21848","targetHints":{"allow":["GET"]}}],"collection":[{"href":"https:\/\/historiaus.usz.edu.pl\/index.php?rest_route=\/wp\/v2\/posts"}],"about":[{"href":"https:\/\/historiaus.usz.edu.pl\/index.php?rest_route=\/wp\/v2\/types\/post"}],"author":[{"embeddable":true,"href":"https:\/\/historiaus.usz.edu.pl\/index.php?rest_route=\/wp\/v2\/users\/10"}],"replies":[{"embeddable":true,"href":"https:\/\/historiaus.usz.edu.pl\/index.php?rest_route=%2Fwp%2Fv2%2Fcomments&post=21848"}],"version-history":[{"count":1,"href":"https:\/\/historiaus.usz.edu.pl\/index.php?rest_route=\/wp\/v2\/posts\/21848\/revisions"}],"predecessor-version":[{"id":21850,"href":"https:\/\/historiaus.usz.edu.pl\/index.php?rest_route=\/wp\/v2\/posts\/21848\/revisions\/21850"}],"wp:attachment":[{"href":"https:\/\/historiaus.usz.edu.pl\/index.php?rest_route=%2Fwp%2Fv2%2Fmedia&parent=21848"}],"wp:term":[{"taxonomy":"category","embeddable":true,"href":"https:\/\/historiaus.usz.edu.pl\/index.php?rest_route=%2Fwp%2Fv2%2Fcategories&post=21848"},{"taxonomy":"post_tag","embeddable":true,"href":"https:\/\/historiaus.usz.edu.pl\/index.php?rest_route=%2Fwp%2Fv2%2Ftags&post=21848"},{"taxonomy":"subpage_bus","embeddable":true,"href":"https:\/\/historiaus.usz.edu.pl\/index.php?rest_route=%2Fwp%2Fv2%2Fsubpage_bus&post=21848"}],"curies":[{"name":"wp","href":"https:\/\/api.w.org\/{rel}","templated":true}]}}