{"id":21860,"date":"2023-09-21T13:55:19","date_gmt":"2023-09-21T11:55:19","guid":{"rendered":"https:\/\/historiaus.usz.edu.pl\/?p=21860"},"modified":"2023-09-21T13:55:20","modified_gmt":"2023-09-21T11:55:20","slug":"szczecinska-trojka-na-mistrzostwa-swiata","status":"publish","type":"post","link":"https:\/\/historiaus.usz.edu.pl\/?p=21860","title":{"rendered":"Szczeci\u0144ska tr\u00f3jka na mistrzostwa \u015bwiata"},"content":{"rendered":"\n<figure class=\"wp-block-image size-full\"><a href=\"https:\/\/historiaus.usz.edu.pl\/wp-content\/uploads\/2023\/09\/KSz-10.08.2023-Nr-154-s.-15-Dobek-i-Rozmys-1.jpg\"><img loading=\"lazy\" decoding=\"async\" width=\"464\" height=\"1644\" src=\"https:\/\/historiaus.usz.edu.pl\/wp-content\/uploads\/2023\/09\/KSz-10.08.2023-Nr-154-s.-15-Dobek-i-Rozmys-1.jpg\" alt=\"\" class=\"wp-image-22328\" srcset=\"https:\/\/historiaus.usz.edu.pl\/wp-content\/uploads\/2023\/09\/KSz-10.08.2023-Nr-154-s.-15-Dobek-i-Rozmys-1.jpg 464w, https:\/\/historiaus.usz.edu.pl\/wp-content\/uploads\/2023\/09\/KSz-10.08.2023-Nr-154-s.-15-Dobek-i-Rozmys-1-85x300.jpg 85w\" sizes=\"auto, (max-width: 464px) 100vw, 464px\" \/><\/a><\/figure>\n","protected":false},"excerpt":{"rendered":"","protected":false},"author":10,"featured_media":0,"comment_status":"closed","ping_status":"closed","sticky":false,"template":"","format":"standard","meta":{"footnotes":""},"categories":[1484],"tags":[5932,5497,5582,5071,4102],"subpage_bus":[3747,61,86],"class_list":["post-21860","post","type-post","status-publish","format-standard","hentry","category-uniwersytet-szczecinski","tag-budapeszt","tag-michal-rozmys","tag-mistrzostwa-swiata","tag-patryk-dobek","tag-piotr-lisek","subpage_bus-sport-i-rekreacja","subpage_bus-sport-i-turystyka","subpage_bus-sylwetki"],"_links":{"self":[{"href":"https:\/\/historiaus.usz.edu.pl\/index.php?rest_route=\/wp\/v2\/posts\/21860","targetHints":{"allow":["GET"]}}],"collection":[{"href":"https:\/\/historiaus.usz.edu.pl\/index.php?rest_route=\/wp\/v2\/posts"}],"about":[{"href":"https:\/\/historiaus.usz.edu.pl\/index.php?rest_route=\/wp\/v2\/types\/post"}],"author":[{"embeddable":true,"href":"https:\/\/historiaus.usz.edu.pl\/index.php?rest_route=\/wp\/v2\/users\/10"}],"replies":[{"embeddable":true,"href":"https:\/\/historiaus.usz.edu.pl\/index.php?rest_route=%2Fwp%2Fv2%2Fcomments&post=21860"}],"version-history":[{"count":1,"href":"https:\/\/historiaus.usz.edu.pl\/index.php?rest_route=\/wp\/v2\/posts\/21860\/revisions"}],"predecessor-version":[{"id":22329,"href":"https:\/\/historiaus.usz.edu.pl\/index.php?rest_route=\/wp\/v2\/posts\/21860\/revisions\/22329"}],"wp:attachment":[{"href":"https:\/\/historiaus.usz.edu.pl\/index.php?rest_route=%2Fwp%2Fv2%2Fmedia&parent=21860"}],"wp:term":[{"taxonomy":"category","embeddable":true,"href":"https:\/\/historiaus.usz.edu.pl\/index.php?rest_route=%2Fwp%2Fv2%2Fcategories&post=21860"},{"taxonomy":"post_tag","embeddable":true,"href":"https:\/\/historiaus.usz.edu.pl\/index.php?rest_route=%2Fwp%2Fv2%2Ftags&post=21860"},{"taxonomy":"subpage_bus","embeddable":true,"href":"https:\/\/historiaus.usz.edu.pl\/index.php?rest_route=%2Fwp%2Fv2%2Fsubpage_bus&post=21860"}],"curies":[{"name":"wp","href":"https:\/\/api.w.org\/{rel}","templated":true}]}}