{"id":22045,"date":"2023-09-01T12:18:22","date_gmt":"2023-09-01T10:18:22","guid":{"rendered":"https:\/\/historiaus.usz.edu.pl\/?p=22045"},"modified":"2023-09-01T12:18:23","modified_gmt":"2023-09-01T10:18:23","slug":"podac-w-watpliwosc","status":"publish","type":"post","link":"https:\/\/historiaus.usz.edu.pl\/?p=22045","title":{"rendered":"Poda\u0107 w w\u0105tpliwo\u015b\u0107"},"content":{"rendered":"\n<figure class=\"wp-block-image size-full\"><a href=\"https:\/\/historiaus.usz.edu.pl\/wp-content\/uploads\/2023\/09\/KSz-28-30.07.2023-Nr-145-Magazyn-Kuriera-nr-30-s.-8-corrida.jpg\"><img loading=\"lazy\" decoding=\"async\" width=\"915\" height=\"716\" src=\"https:\/\/historiaus.usz.edu.pl\/wp-content\/uploads\/2023\/09\/KSz-28-30.07.2023-Nr-145-Magazyn-Kuriera-nr-30-s.-8-corrida.jpg\" alt=\"\" class=\"wp-image-22046\" srcset=\"https:\/\/historiaus.usz.edu.pl\/wp-content\/uploads\/2023\/09\/KSz-28-30.07.2023-Nr-145-Magazyn-Kuriera-nr-30-s.-8-corrida.jpg 915w, https:\/\/historiaus.usz.edu.pl\/wp-content\/uploads\/2023\/09\/KSz-28-30.07.2023-Nr-145-Magazyn-Kuriera-nr-30-s.-8-corrida-383x300.jpg 383w, https:\/\/historiaus.usz.edu.pl\/wp-content\/uploads\/2023\/09\/KSz-28-30.07.2023-Nr-145-Magazyn-Kuriera-nr-30-s.-8-corrida-768x601.jpg 768w\" sizes=\"auto, (max-width: 915px) 100vw, 915px\" \/><\/a><\/figure>\n","protected":false},"excerpt":{"rendered":"","protected":false},"author":10,"featured_media":0,"comment_status":"closed","ping_status":"closed","sticky":false,"template":"","format":"standard","meta":{"footnotes":""},"categories":[1484],"tags":[5201,3256,2326],"subpage_bus":[49,4519,86],"class_list":["post-22045","post","type-post","status-publish","format-standard","hentry","category-uniwersytet-szczecinski","tag-jezykowa-corrida-2","tag-jezykoznawstwo","tag-prof-dr-hab-ewa-kolodziejek","subpage_bus-dzialalnosc-naukowa-i-dydaktyczna","subpage_bus-historia","subpage_bus-sylwetki"],"_links":{"self":[{"href":"https:\/\/historiaus.usz.edu.pl\/index.php?rest_route=\/wp\/v2\/posts\/22045","targetHints":{"allow":["GET"]}}],"collection":[{"href":"https:\/\/historiaus.usz.edu.pl\/index.php?rest_route=\/wp\/v2\/posts"}],"about":[{"href":"https:\/\/historiaus.usz.edu.pl\/index.php?rest_route=\/wp\/v2\/types\/post"}],"author":[{"embeddable":true,"href":"https:\/\/historiaus.usz.edu.pl\/index.php?rest_route=\/wp\/v2\/users\/10"}],"replies":[{"embeddable":true,"href":"https:\/\/historiaus.usz.edu.pl\/index.php?rest_route=%2Fwp%2Fv2%2Fcomments&post=22045"}],"version-history":[{"count":1,"href":"https:\/\/historiaus.usz.edu.pl\/index.php?rest_route=\/wp\/v2\/posts\/22045\/revisions"}],"predecessor-version":[{"id":22047,"href":"https:\/\/historiaus.usz.edu.pl\/index.php?rest_route=\/wp\/v2\/posts\/22045\/revisions\/22047"}],"wp:attachment":[{"href":"https:\/\/historiaus.usz.edu.pl\/index.php?rest_route=%2Fwp%2Fv2%2Fmedia&parent=22045"}],"wp:term":[{"taxonomy":"category","embeddable":true,"href":"https:\/\/historiaus.usz.edu.pl\/index.php?rest_route=%2Fwp%2Fv2%2Fcategories&post=22045"},{"taxonomy":"post_tag","embeddable":true,"href":"https:\/\/historiaus.usz.edu.pl\/index.php?rest_route=%2Fwp%2Fv2%2Ftags&post=22045"},{"taxonomy":"subpage_bus","embeddable":true,"href":"https:\/\/historiaus.usz.edu.pl\/index.php?rest_route=%2Fwp%2Fv2%2Fsubpage_bus&post=22045"}],"curies":[{"name":"wp","href":"https:\/\/api.w.org\/{rel}","templated":true}]}}