{"id":22108,"date":"2023-09-06T14:55:22","date_gmt":"2023-09-06T12:55:22","guid":{"rendered":"https:\/\/historiaus.usz.edu.pl\/?p=22108"},"modified":"2023-09-06T14:55:23","modified_gmt":"2023-09-06T12:55:23","slug":"uniwersytet-szczecinski-razem-z-izba-lekarska","status":"publish","type":"post","link":"https:\/\/historiaus.usz.edu.pl\/?p=22108","title":{"rendered":"Uniwersytet Szczeci\u0144ski razem z Izb\u0105 Lekarsk\u0105"},"content":{"rendered":"\n<figure class=\"wp-block-image size-full\"><a href=\"https:\/\/historiaus.usz.edu.pl\/wp-content\/uploads\/2023\/09\/KSz-04.07.2023-Nr-127-s.-4-US-z-Izba-Lek.jpg\"><img loading=\"lazy\" decoding=\"async\" width=\"1349\" height=\"777\" src=\"https:\/\/historiaus.usz.edu.pl\/wp-content\/uploads\/2023\/09\/KSz-04.07.2023-Nr-127-s.-4-US-z-Izba-Lek.jpg\" alt=\"\" class=\"wp-image-22109\" srcset=\"https:\/\/historiaus.usz.edu.pl\/wp-content\/uploads\/2023\/09\/KSz-04.07.2023-Nr-127-s.-4-US-z-Izba-Lek.jpg 1349w, https:\/\/historiaus.usz.edu.pl\/wp-content\/uploads\/2023\/09\/KSz-04.07.2023-Nr-127-s.-4-US-z-Izba-Lek-450x259.jpg 450w, https:\/\/historiaus.usz.edu.pl\/wp-content\/uploads\/2023\/09\/KSz-04.07.2023-Nr-127-s.-4-US-z-Izba-Lek-768x442.jpg 768w\" sizes=\"auto, (max-width: 1349px) 100vw, 1349px\" \/><\/a><\/figure>\n","protected":false},"excerpt":{"rendered":"","protected":false},"author":10,"featured_media":0,"comment_status":"closed","ping_status":"closed","sticky":false,"template":"","format":"standard","meta":{"footnotes":""},"categories":[1484],"tags":[5884,5273,5233,1320],"subpage_bus":[],"class_list":["post-22108","post","type-post","status-publish","format-standard","hentry","category-uniwersytet-szczecinski","tag-dr-n-med-michal-bulsa","tag-okregowa-izba-lekarska","tag-porozumienie","tag-prof-dr-hab-waldemar-tarczynski"],"_links":{"self":[{"href":"https:\/\/historiaus.usz.edu.pl\/index.php?rest_route=\/wp\/v2\/posts\/22108","targetHints":{"allow":["GET"]}}],"collection":[{"href":"https:\/\/historiaus.usz.edu.pl\/index.php?rest_route=\/wp\/v2\/posts"}],"about":[{"href":"https:\/\/historiaus.usz.edu.pl\/index.php?rest_route=\/wp\/v2\/types\/post"}],"author":[{"embeddable":true,"href":"https:\/\/historiaus.usz.edu.pl\/index.php?rest_route=\/wp\/v2\/users\/10"}],"replies":[{"embeddable":true,"href":"https:\/\/historiaus.usz.edu.pl\/index.php?rest_route=%2Fwp%2Fv2%2Fcomments&post=22108"}],"version-history":[{"count":1,"href":"https:\/\/historiaus.usz.edu.pl\/index.php?rest_route=\/wp\/v2\/posts\/22108\/revisions"}],"predecessor-version":[{"id":22110,"href":"https:\/\/historiaus.usz.edu.pl\/index.php?rest_route=\/wp\/v2\/posts\/22108\/revisions\/22110"}],"wp:attachment":[{"href":"https:\/\/historiaus.usz.edu.pl\/index.php?rest_route=%2Fwp%2Fv2%2Fmedia&parent=22108"}],"wp:term":[{"taxonomy":"category","embeddable":true,"href":"https:\/\/historiaus.usz.edu.pl\/index.php?rest_route=%2Fwp%2Fv2%2Fcategories&post=22108"},{"taxonomy":"post_tag","embeddable":true,"href":"https:\/\/historiaus.usz.edu.pl\/index.php?rest_route=%2Fwp%2Fv2%2Ftags&post=22108"},{"taxonomy":"subpage_bus","embeddable":true,"href":"https:\/\/historiaus.usz.edu.pl\/index.php?rest_route=%2Fwp%2Fv2%2Fsubpage_bus&post=22108"}],"curies":[{"name":"wp","href":"https:\/\/api.w.org\/{rel}","templated":true}]}}