{"id":22295,"date":"2023-09-21T09:40:46","date_gmt":"2023-09-21T07:40:46","guid":{"rendered":"https:\/\/historiaus.usz.edu.pl\/?p=22295"},"modified":"2023-09-21T09:40:47","modified_gmt":"2023-09-21T07:40:47","slug":"potrzebny-jest-zdecydowany-glos-spoleczenstwa","status":"publish","type":"post","link":"https:\/\/historiaus.usz.edu.pl\/?p=22295","title":{"rendered":"Potrzebny jest zdecydowany g\u0142os spo\u0142ecze\u0144stwa"},"content":{"rendered":"\n<figure class=\"wp-block-image size-full\"><a href=\"https:\/\/historiaus.usz.edu.pl\/wp-content\/uploads\/2023\/09\/GSz-20.09.2023-Nr-219-s.-2-absolwent.jpg\"><img loading=\"lazy\" decoding=\"async\" width=\"1306\" height=\"734\" src=\"https:\/\/historiaus.usz.edu.pl\/wp-content\/uploads\/2023\/09\/GSz-20.09.2023-Nr-219-s.-2-absolwent.jpg\" alt=\"\" class=\"wp-image-22296\" srcset=\"https:\/\/historiaus.usz.edu.pl\/wp-content\/uploads\/2023\/09\/GSz-20.09.2023-Nr-219-s.-2-absolwent.jpg 1306w, https:\/\/historiaus.usz.edu.pl\/wp-content\/uploads\/2023\/09\/GSz-20.09.2023-Nr-219-s.-2-absolwent-450x253.jpg 450w, https:\/\/historiaus.usz.edu.pl\/wp-content\/uploads\/2023\/09\/GSz-20.09.2023-Nr-219-s.-2-absolwent-768x432.jpg 768w\" sizes=\"auto, (max-width: 1306px) 100vw, 1306px\" \/><\/a><\/figure>\n","protected":false},"excerpt":{"rendered":"","protected":false},"author":10,"featured_media":0,"comment_status":"closed","ping_status":"closed","sticky":false,"template":"","format":"standard","meta":{"footnotes":""},"categories":[1484],"tags":[5577,5928],"subpage_bus":[86,343],"class_list":["post-22295","post","type-post","status-publish","format-standard","hentry","category-uniwersytet-szczecinski","tag-absolwent-us","tag-dr-rafal-mucha","subpage_bus-sylwetki","subpage_bus-wywiad"],"_links":{"self":[{"href":"https:\/\/historiaus.usz.edu.pl\/index.php?rest_route=\/wp\/v2\/posts\/22295","targetHints":{"allow":["GET"]}}],"collection":[{"href":"https:\/\/historiaus.usz.edu.pl\/index.php?rest_route=\/wp\/v2\/posts"}],"about":[{"href":"https:\/\/historiaus.usz.edu.pl\/index.php?rest_route=\/wp\/v2\/types\/post"}],"author":[{"embeddable":true,"href":"https:\/\/historiaus.usz.edu.pl\/index.php?rest_route=\/wp\/v2\/users\/10"}],"replies":[{"embeddable":true,"href":"https:\/\/historiaus.usz.edu.pl\/index.php?rest_route=%2Fwp%2Fv2%2Fcomments&post=22295"}],"version-history":[{"count":1,"href":"https:\/\/historiaus.usz.edu.pl\/index.php?rest_route=\/wp\/v2\/posts\/22295\/revisions"}],"predecessor-version":[{"id":22297,"href":"https:\/\/historiaus.usz.edu.pl\/index.php?rest_route=\/wp\/v2\/posts\/22295\/revisions\/22297"}],"wp:attachment":[{"href":"https:\/\/historiaus.usz.edu.pl\/index.php?rest_route=%2Fwp%2Fv2%2Fmedia&parent=22295"}],"wp:term":[{"taxonomy":"category","embeddable":true,"href":"https:\/\/historiaus.usz.edu.pl\/index.php?rest_route=%2Fwp%2Fv2%2Fcategories&post=22295"},{"taxonomy":"post_tag","embeddable":true,"href":"https:\/\/historiaus.usz.edu.pl\/index.php?rest_route=%2Fwp%2Fv2%2Ftags&post=22295"},{"taxonomy":"subpage_bus","embeddable":true,"href":"https:\/\/historiaus.usz.edu.pl\/index.php?rest_route=%2Fwp%2Fv2%2Fsubpage_bus&post=22295"}],"curies":[{"name":"wp","href":"https:\/\/api.w.org\/{rel}","templated":true}]}}