{"id":22322,"date":"2023-09-21T13:34:43","date_gmt":"2023-09-21T11:34:43","guid":{"rendered":"https:\/\/historiaus.usz.edu.pl\/?p=22322"},"modified":"2023-09-21T13:34:44","modified_gmt":"2023-09-21T11:34:44","slug":"blisko-pol-roku-bez-startow","status":"publish","type":"post","link":"https:\/\/historiaus.usz.edu.pl\/?p=22322","title":{"rendered":"Blisko p\u00f3\u0142 roku bez start\u00f3w"},"content":{"rendered":"\n<figure class=\"wp-block-image size-full\"><a href=\"https:\/\/historiaus.usz.edu.pl\/wp-content\/uploads\/2023\/09\/KSz-09.08.2023-Nr-153-s.-15-Dobek-Patryk.jpg\"><img loading=\"lazy\" decoding=\"async\" width=\"686\" height=\"1672\" src=\"https:\/\/historiaus.usz.edu.pl\/wp-content\/uploads\/2023\/09\/KSz-09.08.2023-Nr-153-s.-15-Dobek-Patryk.jpg\" alt=\"\" class=\"wp-image-22323\" srcset=\"https:\/\/historiaus.usz.edu.pl\/wp-content\/uploads\/2023\/09\/KSz-09.08.2023-Nr-153-s.-15-Dobek-Patryk.jpg 686w, https:\/\/historiaus.usz.edu.pl\/wp-content\/uploads\/2023\/09\/KSz-09.08.2023-Nr-153-s.-15-Dobek-Patryk-123x300.jpg 123w, https:\/\/historiaus.usz.edu.pl\/wp-content\/uploads\/2023\/09\/KSz-09.08.2023-Nr-153-s.-15-Dobek-Patryk-630x1536.jpg 630w\" sizes=\"auto, (max-width: 686px) 100vw, 686px\" \/><\/a><\/figure>\n","protected":false},"excerpt":{"rendered":"","protected":false},"author":10,"featured_media":0,"comment_status":"closed","ping_status":"closed","sticky":false,"template":"","format":"standard","meta":{"footnotes":""},"categories":[1484],"tags":[5931,2194,5071],"subpage_bus":[3747,61,86],"class_list":["post-22322","post","type-post","status-publish","format-standard","hentry","category-uniwersytet-szczecinski","tag-kontuzja","tag-lekkoatletyka","tag-patryk-dobek","subpage_bus-sport-i-rekreacja","subpage_bus-sport-i-turystyka","subpage_bus-sylwetki"],"_links":{"self":[{"href":"https:\/\/historiaus.usz.edu.pl\/index.php?rest_route=\/wp\/v2\/posts\/22322","targetHints":{"allow":["GET"]}}],"collection":[{"href":"https:\/\/historiaus.usz.edu.pl\/index.php?rest_route=\/wp\/v2\/posts"}],"about":[{"href":"https:\/\/historiaus.usz.edu.pl\/index.php?rest_route=\/wp\/v2\/types\/post"}],"author":[{"embeddable":true,"href":"https:\/\/historiaus.usz.edu.pl\/index.php?rest_route=\/wp\/v2\/users\/10"}],"replies":[{"embeddable":true,"href":"https:\/\/historiaus.usz.edu.pl\/index.php?rest_route=%2Fwp%2Fv2%2Fcomments&post=22322"}],"version-history":[{"count":1,"href":"https:\/\/historiaus.usz.edu.pl\/index.php?rest_route=\/wp\/v2\/posts\/22322\/revisions"}],"predecessor-version":[{"id":22324,"href":"https:\/\/historiaus.usz.edu.pl\/index.php?rest_route=\/wp\/v2\/posts\/22322\/revisions\/22324"}],"wp:attachment":[{"href":"https:\/\/historiaus.usz.edu.pl\/index.php?rest_route=%2Fwp%2Fv2%2Fmedia&parent=22322"}],"wp:term":[{"taxonomy":"category","embeddable":true,"href":"https:\/\/historiaus.usz.edu.pl\/index.php?rest_route=%2Fwp%2Fv2%2Fcategories&post=22322"},{"taxonomy":"post_tag","embeddable":true,"href":"https:\/\/historiaus.usz.edu.pl\/index.php?rest_route=%2Fwp%2Fv2%2Ftags&post=22322"},{"taxonomy":"subpage_bus","embeddable":true,"href":"https:\/\/historiaus.usz.edu.pl\/index.php?rest_route=%2Fwp%2Fv2%2Fsubpage_bus&post=22322"}],"curies":[{"name":"wp","href":"https:\/\/api.w.org\/{rel}","templated":true}]}}