{"id":22376,"date":"2023-09-27T15:48:18","date_gmt":"2023-09-27T13:48:18","guid":{"rendered":"https:\/\/historiaus.usz.edu.pl\/?p=22376"},"modified":"2023-09-27T15:48:19","modified_gmt":"2023-09-27T13:48:19","slug":"dwa-rozne-spojrzenia-na-historie-naszego-miasta","status":"publish","type":"post","link":"https:\/\/historiaus.usz.edu.pl\/?p=22376","title":{"rendered":"Dwa r\u00f3\u017cne spojrzenia na histori\u0119 naszego miasta"},"content":{"rendered":"\n<figure class=\"wp-block-image size-full\"><a href=\"https:\/\/historiaus.usz.edu.pl\/wp-content\/uploads\/2023\/09\/KSz-29.08.2023-Nr-166-s.-2-Krasucki.png\"><img loading=\"lazy\" decoding=\"async\" width=\"970\" height=\"849\" src=\"https:\/\/historiaus.usz.edu.pl\/wp-content\/uploads\/2023\/09\/KSz-29.08.2023-Nr-166-s.-2-Krasucki.png\" alt=\"\" class=\"wp-image-22377\" srcset=\"https:\/\/historiaus.usz.edu.pl\/wp-content\/uploads\/2023\/09\/KSz-29.08.2023-Nr-166-s.-2-Krasucki.png 970w, https:\/\/historiaus.usz.edu.pl\/wp-content\/uploads\/2023\/09\/KSz-29.08.2023-Nr-166-s.-2-Krasucki-343x300.png 343w, https:\/\/historiaus.usz.edu.pl\/wp-content\/uploads\/2023\/09\/KSz-29.08.2023-Nr-166-s.-2-Krasucki-768x672.png 768w\" sizes=\"auto, (max-width: 970px) 100vw, 970px\" \/><\/a><\/figure>\n","protected":false},"excerpt":{"rendered":"","protected":false},"author":10,"featured_media":0,"comment_status":"closed","ping_status":"closed","sticky":false,"template":"","format":"standard","meta":{"footnotes":""},"categories":[1484],"tags":[5030,4037],"subpage_bus":[],"class_list":["post-22376","post","type-post","status-publish","format-standard","hentry","category-uniwersytet-szczecinski","tag-dr-hab-eryk-krasucki","tag-muzeum-narodowe-w-szczecinie"],"_links":{"self":[{"href":"https:\/\/historiaus.usz.edu.pl\/index.php?rest_route=\/wp\/v2\/posts\/22376","targetHints":{"allow":["GET"]}}],"collection":[{"href":"https:\/\/historiaus.usz.edu.pl\/index.php?rest_route=\/wp\/v2\/posts"}],"about":[{"href":"https:\/\/historiaus.usz.edu.pl\/index.php?rest_route=\/wp\/v2\/types\/post"}],"author":[{"embeddable":true,"href":"https:\/\/historiaus.usz.edu.pl\/index.php?rest_route=\/wp\/v2\/users\/10"}],"replies":[{"embeddable":true,"href":"https:\/\/historiaus.usz.edu.pl\/index.php?rest_route=%2Fwp%2Fv2%2Fcomments&post=22376"}],"version-history":[{"count":1,"href":"https:\/\/historiaus.usz.edu.pl\/index.php?rest_route=\/wp\/v2\/posts\/22376\/revisions"}],"predecessor-version":[{"id":22378,"href":"https:\/\/historiaus.usz.edu.pl\/index.php?rest_route=\/wp\/v2\/posts\/22376\/revisions\/22378"}],"wp:attachment":[{"href":"https:\/\/historiaus.usz.edu.pl\/index.php?rest_route=%2Fwp%2Fv2%2Fmedia&parent=22376"}],"wp:term":[{"taxonomy":"category","embeddable":true,"href":"https:\/\/historiaus.usz.edu.pl\/index.php?rest_route=%2Fwp%2Fv2%2Fcategories&post=22376"},{"taxonomy":"post_tag","embeddable":true,"href":"https:\/\/historiaus.usz.edu.pl\/index.php?rest_route=%2Fwp%2Fv2%2Ftags&post=22376"},{"taxonomy":"subpage_bus","embeddable":true,"href":"https:\/\/historiaus.usz.edu.pl\/index.php?rest_route=%2Fwp%2Fv2%2Fsubpage_bus&post=22376"}],"curies":[{"name":"wp","href":"https:\/\/api.w.org\/{rel}","templated":true}]}}