{"id":22382,"date":"2023-09-27T15:59:52","date_gmt":"2023-09-27T13:59:52","guid":{"rendered":"https:\/\/historiaus.usz.edu.pl\/?p=22382"},"modified":"2023-09-27T15:59:53","modified_gmt":"2023-09-27T13:59:53","slug":"podroz-we-wszechswiecie-w-morskim-centrum-nauki","status":"publish","type":"post","link":"https:\/\/historiaus.usz.edu.pl\/?p=22382","title":{"rendered":"Podr\u00f3\u017c we wszech\u015bwiecie w Morskim Centrum Nauki"},"content":{"rendered":"\n<figure class=\"wp-block-image size-full\"><a href=\"https:\/\/historiaus.usz.edu.pl\/wp-content\/uploads\/2023\/09\/KSz-29.08.2023-Nr-166-s.-12-Bukowiecka.jpg\"><img loading=\"lazy\" decoding=\"async\" width=\"851\" height=\"897\" src=\"https:\/\/historiaus.usz.edu.pl\/wp-content\/uploads\/2023\/09\/KSz-29.08.2023-Nr-166-s.-12-Bukowiecka.jpg\" alt=\"\" class=\"wp-image-22383\" srcset=\"https:\/\/historiaus.usz.edu.pl\/wp-content\/uploads\/2023\/09\/KSz-29.08.2023-Nr-166-s.-12-Bukowiecka.jpg 851w, https:\/\/historiaus.usz.edu.pl\/wp-content\/uploads\/2023\/09\/KSz-29.08.2023-Nr-166-s.-12-Bukowiecka-285x300.jpg 285w, https:\/\/historiaus.usz.edu.pl\/wp-content\/uploads\/2023\/09\/KSz-29.08.2023-Nr-166-s.-12-Bukowiecka-768x810.jpg 768w\" sizes=\"auto, (max-width: 851px) 100vw, 851px\" \/><\/a><\/figure>\n","protected":false},"excerpt":{"rendered":"","protected":false},"author":10,"featured_media":0,"comment_status":"closed","ping_status":"closed","sticky":false,"template":"","format":"standard","meta":{"footnotes":""},"categories":[1484],"tags":[4008,1374,5530],"subpage_bus":[2816,49,86],"class_list":["post-22382","post","type-post","status-publish","format-standard","hentry","category-uniwersytet-szczecinski","tag-morskie-centrum-nauki","tag-nasa","tag-nikola-bukowiecka","subpage_bus-absolwenci","subpage_bus-dzialalnosc-naukowa-i-dydaktyczna","subpage_bus-sylwetki"],"_links":{"self":[{"href":"https:\/\/historiaus.usz.edu.pl\/index.php?rest_route=\/wp\/v2\/posts\/22382","targetHints":{"allow":["GET"]}}],"collection":[{"href":"https:\/\/historiaus.usz.edu.pl\/index.php?rest_route=\/wp\/v2\/posts"}],"about":[{"href":"https:\/\/historiaus.usz.edu.pl\/index.php?rest_route=\/wp\/v2\/types\/post"}],"author":[{"embeddable":true,"href":"https:\/\/historiaus.usz.edu.pl\/index.php?rest_route=\/wp\/v2\/users\/10"}],"replies":[{"embeddable":true,"href":"https:\/\/historiaus.usz.edu.pl\/index.php?rest_route=%2Fwp%2Fv2%2Fcomments&post=22382"}],"version-history":[{"count":1,"href":"https:\/\/historiaus.usz.edu.pl\/index.php?rest_route=\/wp\/v2\/posts\/22382\/revisions"}],"predecessor-version":[{"id":22384,"href":"https:\/\/historiaus.usz.edu.pl\/index.php?rest_route=\/wp\/v2\/posts\/22382\/revisions\/22384"}],"wp:attachment":[{"href":"https:\/\/historiaus.usz.edu.pl\/index.php?rest_route=%2Fwp%2Fv2%2Fmedia&parent=22382"}],"wp:term":[{"taxonomy":"category","embeddable":true,"href":"https:\/\/historiaus.usz.edu.pl\/index.php?rest_route=%2Fwp%2Fv2%2Fcategories&post=22382"},{"taxonomy":"post_tag","embeddable":true,"href":"https:\/\/historiaus.usz.edu.pl\/index.php?rest_route=%2Fwp%2Fv2%2Ftags&post=22382"},{"taxonomy":"subpage_bus","embeddable":true,"href":"https:\/\/historiaus.usz.edu.pl\/index.php?rest_route=%2Fwp%2Fv2%2Fsubpage_bus&post=22382"}],"curies":[{"name":"wp","href":"https:\/\/api.w.org\/{rel}","templated":true}]}}