{"id":22388,"date":"2023-09-27T16:13:32","date_gmt":"2023-09-27T14:13:32","guid":{"rendered":"https:\/\/historiaus.usz.edu.pl\/?p=22388"},"modified":"2023-09-27T16:13:33","modified_gmt":"2023-09-27T14:13:33","slug":"zycie-zydow-w-niemieckim-szczecinie","status":"publish","type":"post","link":"https:\/\/historiaus.usz.edu.pl\/?p=22388","title":{"rendered":"\u017bycie \u017byd\u00f3w w niemieckim Szczecinie"},"content":{"rendered":"\n<figure class=\"wp-block-image size-full\"><a href=\"https:\/\/historiaus.usz.edu.pl\/wp-content\/uploads\/2023\/09\/KSz-05.09.2023-Nr-171-s.-6-Krasucki.jpg\"><img loading=\"lazy\" decoding=\"async\" width=\"543\" height=\"796\" src=\"https:\/\/historiaus.usz.edu.pl\/wp-content\/uploads\/2023\/09\/KSz-05.09.2023-Nr-171-s.-6-Krasucki.jpg\" alt=\"\" class=\"wp-image-22389\" srcset=\"https:\/\/historiaus.usz.edu.pl\/wp-content\/uploads\/2023\/09\/KSz-05.09.2023-Nr-171-s.-6-Krasucki.jpg 543w, https:\/\/historiaus.usz.edu.pl\/wp-content\/uploads\/2023\/09\/KSz-05.09.2023-Nr-171-s.-6-Krasucki-205x300.jpg 205w\" sizes=\"auto, (max-width: 543px) 100vw, 543px\" \/><\/a><\/figure>\n","protected":false},"excerpt":{"rendered":"","protected":false},"author":10,"featured_media":0,"comment_status":"closed","ping_status":"closed","sticky":false,"template":"","format":"standard","meta":{"footnotes":""},"categories":[1484],"tags":[5030,4185,5280,203],"subpage_bus":[],"class_list":["post-22388","post","type-post","status-publish","format-standard","hentry","category-uniwersytet-szczecinski","tag-dr-hab-eryk-krasucki","tag-dyskusja","tag-ksiaznica-pomorska","tag-zydzi"],"_links":{"self":[{"href":"https:\/\/historiaus.usz.edu.pl\/index.php?rest_route=\/wp\/v2\/posts\/22388","targetHints":{"allow":["GET"]}}],"collection":[{"href":"https:\/\/historiaus.usz.edu.pl\/index.php?rest_route=\/wp\/v2\/posts"}],"about":[{"href":"https:\/\/historiaus.usz.edu.pl\/index.php?rest_route=\/wp\/v2\/types\/post"}],"author":[{"embeddable":true,"href":"https:\/\/historiaus.usz.edu.pl\/index.php?rest_route=\/wp\/v2\/users\/10"}],"replies":[{"embeddable":true,"href":"https:\/\/historiaus.usz.edu.pl\/index.php?rest_route=%2Fwp%2Fv2%2Fcomments&post=22388"}],"version-history":[{"count":1,"href":"https:\/\/historiaus.usz.edu.pl\/index.php?rest_route=\/wp\/v2\/posts\/22388\/revisions"}],"predecessor-version":[{"id":22390,"href":"https:\/\/historiaus.usz.edu.pl\/index.php?rest_route=\/wp\/v2\/posts\/22388\/revisions\/22390"}],"wp:attachment":[{"href":"https:\/\/historiaus.usz.edu.pl\/index.php?rest_route=%2Fwp%2Fv2%2Fmedia&parent=22388"}],"wp:term":[{"taxonomy":"category","embeddable":true,"href":"https:\/\/historiaus.usz.edu.pl\/index.php?rest_route=%2Fwp%2Fv2%2Fcategories&post=22388"},{"taxonomy":"post_tag","embeddable":true,"href":"https:\/\/historiaus.usz.edu.pl\/index.php?rest_route=%2Fwp%2Fv2%2Ftags&post=22388"},{"taxonomy":"subpage_bus","embeddable":true,"href":"https:\/\/historiaus.usz.edu.pl\/index.php?rest_route=%2Fwp%2Fv2%2Fsubpage_bus&post=22388"}],"curies":[{"name":"wp","href":"https:\/\/api.w.org\/{rel}","templated":true}]}}