{"id":2355,"date":"2015-07-14T12:17:48","date_gmt":"2015-07-14T10:17:48","guid":{"rendered":"https:\/\/historiaus.usz.edu.pl\/?p=2355"},"modified":"2015-12-01T12:39:48","modified_gmt":"2015-12-01T11:39:48","slug":"czy-obecny-prezydent-szczecina-dolaczy-do-wizjonerow","status":"publish","type":"post","link":"https:\/\/historiaus.usz.edu.pl\/?p=2355","title":{"rendered":"Czy obecny prezydent Szczecina do\u0142\u0105czy do wizjoner\u00f3w?"},"content":{"rendered":"<p><a href=\"https:\/\/historiaus.usz.edu.pl\/wp-content\/uploads\/2015\/07\/22.09.2009.jpg\"><img loading=\"lazy\" decoding=\"async\" class=\"alignnone size-medium wp-image-2356\" src=\"https:\/\/historiaus.usz.edu.pl\/wp-content\/uploads\/2015\/07\/22.09.2009-450x269.jpg\" alt=\"22.09.2009\" width=\"450\" height=\"269\" \/><\/a><\/p>\n","protected":false},"excerpt":{"rendered":"","protected":false},"author":5,"featured_media":0,"comment_status":"closed","ping_status":"closed","sticky":false,"template":"","format":"standard","meta":{"footnotes":""},"categories":[70],"tags":[1679,2290,1678,1594,210,1635,1676,305],"subpage_bus":[48,60,47,56,59],"class_list":["post-2355","post","type-post","status-publish","format-standard","hentry","category-wydzial-humanistyczny","tag-dni-humanisty","tag-dr-alina-hutnikiewicz","tag-floating-garden","tag-piotr-krzystek","tag-prof-edward-wlodarczyk","tag-prof-radoslaw-gazinski","tag-prof-zygmunt-szultka","tag-szczecin","subpage_bus-konferencje-sympozja-zjazdy","subpage_bus-kultura","subpage_bus-nauka","subpage_bus-zycie-spoleczne","subpage_bus-zycie-spoleczne-i-polityczne"],"_links":{"self":[{"href":"https:\/\/historiaus.usz.edu.pl\/index.php?rest_route=\/wp\/v2\/posts\/2355","targetHints":{"allow":["GET"]}}],"collection":[{"href":"https:\/\/historiaus.usz.edu.pl\/index.php?rest_route=\/wp\/v2\/posts"}],"about":[{"href":"https:\/\/historiaus.usz.edu.pl\/index.php?rest_route=\/wp\/v2\/types\/post"}],"author":[{"embeddable":true,"href":"https:\/\/historiaus.usz.edu.pl\/index.php?rest_route=\/wp\/v2\/users\/5"}],"replies":[{"embeddable":true,"href":"https:\/\/historiaus.usz.edu.pl\/index.php?rest_route=%2Fwp%2Fv2%2Fcomments&post=2355"}],"version-history":[{"count":3,"href":"https:\/\/historiaus.usz.edu.pl\/index.php?rest_route=\/wp\/v2\/posts\/2355\/revisions"}],"predecessor-version":[{"id":4289,"href":"https:\/\/historiaus.usz.edu.pl\/index.php?rest_route=\/wp\/v2\/posts\/2355\/revisions\/4289"}],"wp:attachment":[{"href":"https:\/\/historiaus.usz.edu.pl\/index.php?rest_route=%2Fwp%2Fv2%2Fmedia&parent=2355"}],"wp:term":[{"taxonomy":"category","embeddable":true,"href":"https:\/\/historiaus.usz.edu.pl\/index.php?rest_route=%2Fwp%2Fv2%2Fcategories&post=2355"},{"taxonomy":"post_tag","embeddable":true,"href":"https:\/\/historiaus.usz.edu.pl\/index.php?rest_route=%2Fwp%2Fv2%2Ftags&post=2355"},{"taxonomy":"subpage_bus","embeddable":true,"href":"https:\/\/historiaus.usz.edu.pl\/index.php?rest_route=%2Fwp%2Fv2%2Fsubpage_bus&post=2355"}],"curies":[{"name":"wp","href":"https:\/\/api.w.org\/{rel}","templated":true}]}}