{"id":23558,"date":"2025-04-29T10:37:46","date_gmt":"2025-04-29T08:37:46","guid":{"rendered":"https:\/\/historiaus.usz.edu.pl\/?p=23558"},"modified":"2025-04-29T10:42:24","modified_gmt":"2025-04-29T08:42:24","slug":"powinnismy-odkrywac-solidarnosc","status":"publish","type":"post","link":"https:\/\/historiaus.usz.edu.pl\/?p=23558","title":{"rendered":"Powinni\u015bmy odkrywa\u0107 Solidarno\u015b\u0107"},"content":{"rendered":"\n<figure class=\"wp-block-gallery has-nested-images columns-default is-cropped wp-block-gallery-1 is-layout-flex wp-block-gallery-is-layout-flex\">\n<figure class=\"wp-block-image size-large\"><a href=\"https:\/\/historiaus.usz.edu.pl\/wp-content\/uploads\/2025\/04\/GSz-27.02.2024-Nr-48-s.-1-A.Kubaj-byly-asystent.jpg\"><img loading=\"lazy\" decoding=\"async\" width=\"734\" height=\"121\" data-id=\"23561\" src=\"https:\/\/historiaus.usz.edu.pl\/wp-content\/uploads\/2025\/04\/GSz-27.02.2024-Nr-48-s.-1-A.Kubaj-byly-asystent.jpg\" alt=\"\" class=\"wp-image-23561\" srcset=\"https:\/\/historiaus.usz.edu.pl\/wp-content\/uploads\/2025\/04\/GSz-27.02.2024-Nr-48-s.-1-A.Kubaj-byly-asystent.jpg 734w, https:\/\/historiaus.usz.edu.pl\/wp-content\/uploads\/2025\/04\/GSz-27.02.2024-Nr-48-s.-1-A.Kubaj-byly-asystent-450x74.jpg 450w\" sizes=\"auto, (max-width: 734px) 100vw, 734px\" \/><\/a><\/figure>\n<\/figure>\n\n\n\n<figure class=\"wp-block-gallery has-nested-images columns-default is-cropped wp-block-gallery-2 is-layout-flex wp-block-gallery-is-layout-flex\">\n<figure class=\"wp-block-image size-large\"><a href=\"https:\/\/historiaus.usz.edu.pl\/wp-content\/uploads\/2025\/04\/GSz-27.02.2024-Nr-48-s.-2-A.Kubaj-byly-asystent-2.jpg\"><img loading=\"lazy\" decoding=\"async\" width=\"1163\" height=\"1171\" data-id=\"23564\" src=\"https:\/\/historiaus.usz.edu.pl\/wp-content\/uploads\/2025\/04\/GSz-27.02.2024-Nr-48-s.-2-A.Kubaj-byly-asystent-2.jpg\" alt=\"\" class=\"wp-image-23564\" srcset=\"https:\/\/historiaus.usz.edu.pl\/wp-content\/uploads\/2025\/04\/GSz-27.02.2024-Nr-48-s.-2-A.Kubaj-byly-asystent-2.jpg 1163w, https:\/\/historiaus.usz.edu.pl\/wp-content\/uploads\/2025\/04\/GSz-27.02.2024-Nr-48-s.-2-A.Kubaj-byly-asystent-2-298x300.jpg 298w, https:\/\/historiaus.usz.edu.pl\/wp-content\/uploads\/2025\/04\/GSz-27.02.2024-Nr-48-s.-2-A.Kubaj-byly-asystent-2-150x150.jpg 150w, https:\/\/historiaus.usz.edu.pl\/wp-content\/uploads\/2025\/04\/GSz-27.02.2024-Nr-48-s.-2-A.Kubaj-byly-asystent-2-768x773.jpg 768w\" sizes=\"auto, (max-width: 1163px) 100vw, 1163px\" \/><\/a><\/figure>\n<\/figure>\n\n\n\n<p>       s. 2<\/p>\n","protected":false},"excerpt":{"rendered":"<p>s. 2<\/p>\n","protected":false},"author":10,"featured_media":0,"comment_status":"closed","ping_status":"closed","sticky":false,"template":"","format":"standard","meta":{"footnotes":""},"categories":[1484],"tags":[5644,5305,3564],"subpage_bus":[],"class_list":["post-23558","post","type-post","status-publish","format-standard","hentry","category-uniwersytet-szczecinski","tag-dr-artur-kubaj","tag-historyk","tag-politolog"],"_links":{"self":[{"href":"https:\/\/historiaus.usz.edu.pl\/index.php?rest_route=\/wp\/v2\/posts\/23558","targetHints":{"allow":["GET"]}}],"collection":[{"href":"https:\/\/historiaus.usz.edu.pl\/index.php?rest_route=\/wp\/v2\/posts"}],"about":[{"href":"https:\/\/historiaus.usz.edu.pl\/index.php?rest_route=\/wp\/v2\/types\/post"}],"author":[{"embeddable":true,"href":"https:\/\/historiaus.usz.edu.pl\/index.php?rest_route=\/wp\/v2\/users\/10"}],"replies":[{"embeddable":true,"href":"https:\/\/historiaus.usz.edu.pl\/index.php?rest_route=%2Fwp%2Fv2%2Fcomments&post=23558"}],"version-history":[{"count":2,"href":"https:\/\/historiaus.usz.edu.pl\/index.php?rest_route=\/wp\/v2\/posts\/23558\/revisions"}],"predecessor-version":[{"id":23565,"href":"https:\/\/historiaus.usz.edu.pl\/index.php?rest_route=\/wp\/v2\/posts\/23558\/revisions\/23565"}],"wp:attachment":[{"href":"https:\/\/historiaus.usz.edu.pl\/index.php?rest_route=%2Fwp%2Fv2%2Fmedia&parent=23558"}],"wp:term":[{"taxonomy":"category","embeddable":true,"href":"https:\/\/historiaus.usz.edu.pl\/index.php?rest_route=%2Fwp%2Fv2%2Fcategories&post=23558"},{"taxonomy":"post_tag","embeddable":true,"href":"https:\/\/historiaus.usz.edu.pl\/index.php?rest_route=%2Fwp%2Fv2%2Ftags&post=23558"},{"taxonomy":"subpage_bus","embeddable":true,"href":"https:\/\/historiaus.usz.edu.pl\/index.php?rest_route=%2Fwp%2Fv2%2Fsubpage_bus&post=23558"}],"curies":[{"name":"wp","href":"https:\/\/api.w.org\/{rel}","templated":true}]}}