{"id":23652,"date":"2025-06-10T11:29:09","date_gmt":"2025-06-10T09:29:09","guid":{"rendered":"https:\/\/historiaus.usz.edu.pl\/?p=23652"},"modified":"2025-06-10T11:29:10","modified_gmt":"2025-06-10T09:29:10","slug":"zbliza-sie-swieto-literatury-non-fiction","status":"publish","type":"post","link":"https:\/\/historiaus.usz.edu.pl\/?p=23652","title":{"rendered":"Zbli\u017ca si\u0119 \u015bwi\u0119to literatury non-fiction"},"content":{"rendered":"\n<figure class=\"wp-block-gallery has-nested-images columns-default is-cropped wp-block-gallery-1 is-layout-flex wp-block-gallery-is-layout-flex\">\n<figure class=\"wp-block-image size-large\"><a href=\"https:\/\/historiaus.usz.edu.pl\/wp-content\/uploads\/2025\/06\/KSz-10.10.2024-Nr-198-s.-9-Krasucki.jpg\"><img loading=\"lazy\" decoding=\"async\" width=\"728\" height=\"443\" data-id=\"23653\" src=\"https:\/\/historiaus.usz.edu.pl\/wp-content\/uploads\/2025\/06\/KSz-10.10.2024-Nr-198-s.-9-Krasucki.jpg\" alt=\"\" class=\"wp-image-23653\" srcset=\"https:\/\/historiaus.usz.edu.pl\/wp-content\/uploads\/2025\/06\/KSz-10.10.2024-Nr-198-s.-9-Krasucki.jpg 728w, https:\/\/historiaus.usz.edu.pl\/wp-content\/uploads\/2025\/06\/KSz-10.10.2024-Nr-198-s.-9-Krasucki-450x274.jpg 450w\" sizes=\"auto, (max-width: 728px) 100vw, 728px\" \/><\/a><\/figure>\n<\/figure>\n","protected":false},"excerpt":{"rendered":"","protected":false},"author":10,"featured_media":0,"comment_status":"closed","ping_status":"closed","sticky":false,"template":"","format":"standard","meta":{"footnotes":""},"categories":[1484],"tags":[5030,6040,5415,6039,6041],"subpage_bus":[],"class_list":["post-23652","post","type-post","status-publish","format-standard","hentry","category-uniwersytet-szczecinski","tag-dr-hab-eryk-krasucki","tag-literatura-faktu","tag-mbp-w-szczecinie","tag-non-fiction","tag-okolice-literatury"],"_links":{"self":[{"href":"https:\/\/historiaus.usz.edu.pl\/index.php?rest_route=\/wp\/v2\/posts\/23652","targetHints":{"allow":["GET"]}}],"collection":[{"href":"https:\/\/historiaus.usz.edu.pl\/index.php?rest_route=\/wp\/v2\/posts"}],"about":[{"href":"https:\/\/historiaus.usz.edu.pl\/index.php?rest_route=\/wp\/v2\/types\/post"}],"author":[{"embeddable":true,"href":"https:\/\/historiaus.usz.edu.pl\/index.php?rest_route=\/wp\/v2\/users\/10"}],"replies":[{"embeddable":true,"href":"https:\/\/historiaus.usz.edu.pl\/index.php?rest_route=%2Fwp%2Fv2%2Fcomments&post=23652"}],"version-history":[{"count":1,"href":"https:\/\/historiaus.usz.edu.pl\/index.php?rest_route=\/wp\/v2\/posts\/23652\/revisions"}],"predecessor-version":[{"id":23654,"href":"https:\/\/historiaus.usz.edu.pl\/index.php?rest_route=\/wp\/v2\/posts\/23652\/revisions\/23654"}],"wp:attachment":[{"href":"https:\/\/historiaus.usz.edu.pl\/index.php?rest_route=%2Fwp%2Fv2%2Fmedia&parent=23652"}],"wp:term":[{"taxonomy":"category","embeddable":true,"href":"https:\/\/historiaus.usz.edu.pl\/index.php?rest_route=%2Fwp%2Fv2%2Fcategories&post=23652"},{"taxonomy":"post_tag","embeddable":true,"href":"https:\/\/historiaus.usz.edu.pl\/index.php?rest_route=%2Fwp%2Fv2%2Ftags&post=23652"},{"taxonomy":"subpage_bus","embeddable":true,"href":"https:\/\/historiaus.usz.edu.pl\/index.php?rest_route=%2Fwp%2Fv2%2Fsubpage_bus&post=23652"}],"curies":[{"name":"wp","href":"https:\/\/api.w.org\/{rel}","templated":true}]}}