{"id":23678,"date":"2025-06-12T12:49:57","date_gmt":"2025-06-12T10:49:57","guid":{"rendered":"https:\/\/historiaus.usz.edu.pl\/?p=23678"},"modified":"2025-06-12T12:56:43","modified_gmt":"2025-06-12T10:56:43","slug":"23678","status":"publish","type":"post","link":"https:\/\/historiaus.usz.edu.pl\/?p=23678","title":{"rendered":"Archiwum otrzyma\u0142o spu\u015bcizny Bogus\u0142awa Borysowicza i Jana Matury"},"content":{"rendered":"\n<figure class=\"wp-block-gallery has-nested-images columns-default is-cropped wp-block-gallery-1 is-layout-flex wp-block-gallery-is-layout-flex\">\n<figure class=\"wp-block-image size-large\"><a href=\"https:\/\/historiaus.usz.edu.pl\/wp-content\/uploads\/2025\/06\/KSz-11.09.2024-Nr-177-s.-3-prelekcja-P.Gut_-1.jpg\"><img loading=\"lazy\" decoding=\"async\" width=\"926\" height=\"2232\" data-id=\"23680\" src=\"https:\/\/historiaus.usz.edu.pl\/wp-content\/uploads\/2025\/06\/KSz-11.09.2024-Nr-177-s.-3-prelekcja-P.Gut_-1.jpg\" alt=\"\" class=\"wp-image-23680\" srcset=\"https:\/\/historiaus.usz.edu.pl\/wp-content\/uploads\/2025\/06\/KSz-11.09.2024-Nr-177-s.-3-prelekcja-P.Gut_-1.jpg 926w, https:\/\/historiaus.usz.edu.pl\/wp-content\/uploads\/2025\/06\/KSz-11.09.2024-Nr-177-s.-3-prelekcja-P.Gut_-1-124x300.jpg 124w, https:\/\/historiaus.usz.edu.pl\/wp-content\/uploads\/2025\/06\/KSz-11.09.2024-Nr-177-s.-3-prelekcja-P.Gut_-1-768x1851.jpg 768w, https:\/\/historiaus.usz.edu.pl\/wp-content\/uploads\/2025\/06\/KSz-11.09.2024-Nr-177-s.-3-prelekcja-P.Gut_-1-637x1536.jpg 637w, https:\/\/historiaus.usz.edu.pl\/wp-content\/uploads\/2025\/06\/KSz-11.09.2024-Nr-177-s.-3-prelekcja-P.Gut_-1-850x2048.jpg 850w\" sizes=\"auto, (max-width: 926px) 100vw, 926px\" \/><\/a><\/figure>\n<\/figure>\n","protected":false},"excerpt":{"rendered":"","protected":false},"author":10,"featured_media":0,"comment_status":"closed","ping_status":"closed","sticky":false,"template":"","format":"standard","meta":{"footnotes":""},"categories":[1484],"tags":[5414],"subpage_bus":[],"class_list":["post-23678","post","type-post","status-publish","format-standard","hentry","category-uniwersytet-szczecinski","tag-dr-hab-pawel-gut"],"_links":{"self":[{"href":"https:\/\/historiaus.usz.edu.pl\/index.php?rest_route=\/wp\/v2\/posts\/23678","targetHints":{"allow":["GET"]}}],"collection":[{"href":"https:\/\/historiaus.usz.edu.pl\/index.php?rest_route=\/wp\/v2\/posts"}],"about":[{"href":"https:\/\/historiaus.usz.edu.pl\/index.php?rest_route=\/wp\/v2\/types\/post"}],"author":[{"embeddable":true,"href":"https:\/\/historiaus.usz.edu.pl\/index.php?rest_route=\/wp\/v2\/users\/10"}],"replies":[{"embeddable":true,"href":"https:\/\/historiaus.usz.edu.pl\/index.php?rest_route=%2Fwp%2Fv2%2Fcomments&post=23678"}],"version-history":[{"count":3,"href":"https:\/\/historiaus.usz.edu.pl\/index.php?rest_route=\/wp\/v2\/posts\/23678\/revisions"}],"predecessor-version":[{"id":23685,"href":"https:\/\/historiaus.usz.edu.pl\/index.php?rest_route=\/wp\/v2\/posts\/23678\/revisions\/23685"}],"wp:attachment":[{"href":"https:\/\/historiaus.usz.edu.pl\/index.php?rest_route=%2Fwp%2Fv2%2Fmedia&parent=23678"}],"wp:term":[{"taxonomy":"category","embeddable":true,"href":"https:\/\/historiaus.usz.edu.pl\/index.php?rest_route=%2Fwp%2Fv2%2Fcategories&post=23678"},{"taxonomy":"post_tag","embeddable":true,"href":"https:\/\/historiaus.usz.edu.pl\/index.php?rest_route=%2Fwp%2Fv2%2Ftags&post=23678"},{"taxonomy":"subpage_bus","embeddable":true,"href":"https:\/\/historiaus.usz.edu.pl\/index.php?rest_route=%2Fwp%2Fv2%2Fsubpage_bus&post=23678"}],"curies":[{"name":"wp","href":"https:\/\/api.w.org\/{rel}","templated":true}]}}