{"id":23835,"date":"2025-07-23T08:41:08","date_gmt":"2025-07-23T06:41:08","guid":{"rendered":"https:\/\/historiaus.usz.edu.pl\/?p=23835"},"modified":"2025-07-23T08:46:15","modified_gmt":"2025-07-23T06:46:15","slug":"sa-pieniadze-na-walke-z-dezinformacja-w-sieci","status":"publish","type":"post","link":"https:\/\/historiaus.usz.edu.pl\/?p=23835","title":{"rendered":"S\u0105 pieni\u0105dze na walk\u0119 z dezinformacj\u0105 w sieci"},"content":{"rendered":"\n<figure class=\"wp-block-gallery has-nested-images columns-default is-cropped wp-block-gallery-1 is-layout-flex wp-block-gallery-is-layout-flex\">\n<figure class=\"wp-block-image size-large\"><a href=\"https:\/\/historiaus.usz.edu.pl\/wp-content\/uploads\/2025\/07\/KSz-31.12-01.01.2025-Nr-252-s.-12-grant-na-bad.o-dezinformacji.jpg\"><img loading=\"lazy\" decoding=\"async\" width=\"1227\" height=\"592\" data-id=\"23838\" src=\"https:\/\/historiaus.usz.edu.pl\/wp-content\/uploads\/2025\/07\/KSz-31.12-01.01.2025-Nr-252-s.-12-grant-na-bad.o-dezinformacji.jpg\" alt=\"\" class=\"wp-image-23838\" srcset=\"https:\/\/historiaus.usz.edu.pl\/wp-content\/uploads\/2025\/07\/KSz-31.12-01.01.2025-Nr-252-s.-12-grant-na-bad.o-dezinformacji.jpg 1227w, https:\/\/historiaus.usz.edu.pl\/wp-content\/uploads\/2025\/07\/KSz-31.12-01.01.2025-Nr-252-s.-12-grant-na-bad.o-dezinformacji-450x217.jpg 450w, https:\/\/historiaus.usz.edu.pl\/wp-content\/uploads\/2025\/07\/KSz-31.12-01.01.2025-Nr-252-s.-12-grant-na-bad.o-dezinformacji-768x371.jpg 768w\" sizes=\"auto, (max-width: 1227px) 100vw, 1227px\" \/><\/a><\/figure>\n<\/figure>\n\n\n\n<p><\/p>\n","protected":false},"excerpt":{"rendered":"","protected":false},"author":10,"featured_media":0,"comment_status":"closed","ping_status":"closed","sticky":false,"template":"","format":"standard","meta":{"footnotes":""},"categories":[1484],"tags":[6059,6058,4671,6055,6054,6056,6057,5524],"subpage_bus":[],"class_list":["post-23835","post","type-post","status-publish","format-standard","hentry","category-uniwersytet-szczecinski","tag-centre-for-social-sciences","tag-dezinformacja","tag-dr-ewa-milczarek","tag-fundusz-wyszehradzki","tag-grant","tag-strategic-grant","tag-visegrad-fund","tag-wpia-us"],"_links":{"self":[{"href":"https:\/\/historiaus.usz.edu.pl\/index.php?rest_route=\/wp\/v2\/posts\/23835","targetHints":{"allow":["GET"]}}],"collection":[{"href":"https:\/\/historiaus.usz.edu.pl\/index.php?rest_route=\/wp\/v2\/posts"}],"about":[{"href":"https:\/\/historiaus.usz.edu.pl\/index.php?rest_route=\/wp\/v2\/types\/post"}],"author":[{"embeddable":true,"href":"https:\/\/historiaus.usz.edu.pl\/index.php?rest_route=\/wp\/v2\/users\/10"}],"replies":[{"embeddable":true,"href":"https:\/\/historiaus.usz.edu.pl\/index.php?rest_route=%2Fwp%2Fv2%2Fcomments&post=23835"}],"version-history":[{"count":2,"href":"https:\/\/historiaus.usz.edu.pl\/index.php?rest_route=\/wp\/v2\/posts\/23835\/revisions"}],"predecessor-version":[{"id":23840,"href":"https:\/\/historiaus.usz.edu.pl\/index.php?rest_route=\/wp\/v2\/posts\/23835\/revisions\/23840"}],"wp:attachment":[{"href":"https:\/\/historiaus.usz.edu.pl\/index.php?rest_route=%2Fwp%2Fv2%2Fmedia&parent=23835"}],"wp:term":[{"taxonomy":"category","embeddable":true,"href":"https:\/\/historiaus.usz.edu.pl\/index.php?rest_route=%2Fwp%2Fv2%2Fcategories&post=23835"},{"taxonomy":"post_tag","embeddable":true,"href":"https:\/\/historiaus.usz.edu.pl\/index.php?rest_route=%2Fwp%2Fv2%2Ftags&post=23835"},{"taxonomy":"subpage_bus","embeddable":true,"href":"https:\/\/historiaus.usz.edu.pl\/index.php?rest_route=%2Fwp%2Fv2%2Fsubpage_bus&post=23835"}],"curies":[{"name":"wp","href":"https:\/\/api.w.org\/{rel}","templated":true}]}}