{"id":23866,"date":"2025-07-28T15:03:46","date_gmt":"2025-07-28T13:03:46","guid":{"rendered":"https:\/\/historiaus.usz.edu.pl\/?p=23866"},"modified":"2025-07-28T15:03:47","modified_gmt":"2025-07-28T13:03:47","slug":"piatek-bedzie-nalezal-do-biologow","status":"publish","type":"post","link":"https:\/\/historiaus.usz.edu.pl\/?p=23866","title":{"rendered":"Pi\u0105tek b\u0119dzie nale\u017ca\u0142 do biolog\u00f3w"},"content":{"rendered":"\n<figure class=\"wp-block-gallery has-nested-images columns-default is-cropped wp-block-gallery-1 is-layout-flex wp-block-gallery-is-layout-flex\">\n<figure class=\"wp-block-image size-large\"><a href=\"https:\/\/historiaus.usz.edu.pl\/wp-content\/uploads\/2025\/07\/KSz-12-14.01.2024-Nr-9-s.-2-Noc-biologow.jpg\"><img loading=\"lazy\" decoding=\"async\" width=\"1350\" height=\"643\" data-id=\"23867\" src=\"https:\/\/historiaus.usz.edu.pl\/wp-content\/uploads\/2025\/07\/KSz-12-14.01.2024-Nr-9-s.-2-Noc-biologow.jpg\" alt=\"\" class=\"wp-image-23867\" srcset=\"https:\/\/historiaus.usz.edu.pl\/wp-content\/uploads\/2025\/07\/KSz-12-14.01.2024-Nr-9-s.-2-Noc-biologow.jpg 1350w, https:\/\/historiaus.usz.edu.pl\/wp-content\/uploads\/2025\/07\/KSz-12-14.01.2024-Nr-9-s.-2-Noc-biologow-450x214.jpg 450w, https:\/\/historiaus.usz.edu.pl\/wp-content\/uploads\/2025\/07\/KSz-12-14.01.2024-Nr-9-s.-2-Noc-biologow-768x366.jpg 768w\" sizes=\"auto, (max-width: 1350px) 100vw, 1350px\" \/><\/a><\/figure>\n<\/figure>\n\n\n\n<p><\/p>\n","protected":false},"excerpt":{"rendered":"","protected":false},"author":10,"featured_media":0,"comment_status":"closed","ping_status":"closed","sticky":false,"template":"","format":"standard","meta":{"footnotes":""},"categories":[4505,1484],"tags":[6069,4658,2071,1681,3562,5143,5413],"subpage_bus":[],"class_list":["post-23866","post","type-post","status-publish","format-standard","hentry","category-instytut-biologii-2","category-uniwersytet-szczecinski","tag-tajemnice-zycia-od-komorek-do-biosfery","tag-agnieszka-lizak","tag-laboratoria","tag-noc-biologow","tag-warsztaty","tag-wyklady","tag-wystawy"],"_links":{"self":[{"href":"https:\/\/historiaus.usz.edu.pl\/index.php?rest_route=\/wp\/v2\/posts\/23866","targetHints":{"allow":["GET"]}}],"collection":[{"href":"https:\/\/historiaus.usz.edu.pl\/index.php?rest_route=\/wp\/v2\/posts"}],"about":[{"href":"https:\/\/historiaus.usz.edu.pl\/index.php?rest_route=\/wp\/v2\/types\/post"}],"author":[{"embeddable":true,"href":"https:\/\/historiaus.usz.edu.pl\/index.php?rest_route=\/wp\/v2\/users\/10"}],"replies":[{"embeddable":true,"href":"https:\/\/historiaus.usz.edu.pl\/index.php?rest_route=%2Fwp%2Fv2%2Fcomments&post=23866"}],"version-history":[{"count":1,"href":"https:\/\/historiaus.usz.edu.pl\/index.php?rest_route=\/wp\/v2\/posts\/23866\/revisions"}],"predecessor-version":[{"id":23868,"href":"https:\/\/historiaus.usz.edu.pl\/index.php?rest_route=\/wp\/v2\/posts\/23866\/revisions\/23868"}],"wp:attachment":[{"href":"https:\/\/historiaus.usz.edu.pl\/index.php?rest_route=%2Fwp%2Fv2%2Fmedia&parent=23866"}],"wp:term":[{"taxonomy":"category","embeddable":true,"href":"https:\/\/historiaus.usz.edu.pl\/index.php?rest_route=%2Fwp%2Fv2%2Fcategories&post=23866"},{"taxonomy":"post_tag","embeddable":true,"href":"https:\/\/historiaus.usz.edu.pl\/index.php?rest_route=%2Fwp%2Fv2%2Ftags&post=23866"},{"taxonomy":"subpage_bus","embeddable":true,"href":"https:\/\/historiaus.usz.edu.pl\/index.php?rest_route=%2Fwp%2Fv2%2Fsubpage_bus&post=23866"}],"curies":[{"name":"wp","href":"https:\/\/api.w.org\/{rel}","templated":true}]}}