{"id":23869,"date":"2025-07-28T15:12:51","date_gmt":"2025-07-28T13:12:51","guid":{"rendered":"https:\/\/historiaus.usz.edu.pl\/?p=23869"},"modified":"2025-07-31T13:19:44","modified_gmt":"2025-07-31T11:19:44","slug":"czas-na-nowa-edycje-konkursu-dla-mlodych-dziennikarzy","status":"publish","type":"post","link":"https:\/\/historiaus.usz.edu.pl\/?p=23869","title":{"rendered":"Czas na now\u0105 edycj\u0119 konkursu dla m\u0142odych dziennikarzy!"},"content":{"rendered":"\n<figure class=\"wp-block-gallery has-nested-images columns-default is-cropped wp-block-gallery-1 is-layout-flex wp-block-gallery-is-layout-flex\">\n<figure class=\"wp-block-image size-large\"><a href=\"https:\/\/historiaus.usz.edu.pl\/wp-content\/uploads\/2025\/07\/KSz-30.08-01.09.2024-Nr-169-s.-4-P.Olechowska.jpg\"><img loading=\"lazy\" decoding=\"async\" width=\"923\" height=\"1555\" data-id=\"23870\" src=\"https:\/\/historiaus.usz.edu.pl\/wp-content\/uploads\/2025\/07\/KSz-30.08-01.09.2024-Nr-169-s.-4-P.Olechowska.jpg\" alt=\"\" class=\"wp-image-23870\" srcset=\"https:\/\/historiaus.usz.edu.pl\/wp-content\/uploads\/2025\/07\/KSz-30.08-01.09.2024-Nr-169-s.-4-P.Olechowska.jpg 923w, https:\/\/historiaus.usz.edu.pl\/wp-content\/uploads\/2025\/07\/KSz-30.08-01.09.2024-Nr-169-s.-4-P.Olechowska-178x300.jpg 178w, https:\/\/historiaus.usz.edu.pl\/wp-content\/uploads\/2025\/07\/KSz-30.08-01.09.2024-Nr-169-s.-4-P.Olechowska-768x1294.jpg 768w, https:\/\/historiaus.usz.edu.pl\/wp-content\/uploads\/2025\/07\/KSz-30.08-01.09.2024-Nr-169-s.-4-P.Olechowska-912x1536.jpg 912w\" sizes=\"auto, (max-width: 923px) 100vw, 923px\" \/><\/a><\/figure>\n<\/figure>\n","protected":false},"excerpt":{"rendered":"","protected":false},"author":10,"featured_media":0,"comment_status":"closed","ping_status":"closed","sticky":false,"template":"","format":"standard","meta":{"footnotes":""},"categories":[1484],"tags":[4625,274,5957],"subpage_bus":[49,60],"class_list":["post-23869","post","type-post","status-publish","format-standard","hentry","category-uniwersytet-szczecinski","tag-dr-hab-paulina-olechowska","tag-konkurs","tag-szkolny-pulitzer","subpage_bus-dzialalnosc-naukowa-i-dydaktyczna","subpage_bus-kultura"],"_links":{"self":[{"href":"https:\/\/historiaus.usz.edu.pl\/index.php?rest_route=\/wp\/v2\/posts\/23869","targetHints":{"allow":["GET"]}}],"collection":[{"href":"https:\/\/historiaus.usz.edu.pl\/index.php?rest_route=\/wp\/v2\/posts"}],"about":[{"href":"https:\/\/historiaus.usz.edu.pl\/index.php?rest_route=\/wp\/v2\/types\/post"}],"author":[{"embeddable":true,"href":"https:\/\/historiaus.usz.edu.pl\/index.php?rest_route=\/wp\/v2\/users\/10"}],"replies":[{"embeddable":true,"href":"https:\/\/historiaus.usz.edu.pl\/index.php?rest_route=%2Fwp%2Fv2%2Fcomments&post=23869"}],"version-history":[{"count":1,"href":"https:\/\/historiaus.usz.edu.pl\/index.php?rest_route=\/wp\/v2\/posts\/23869\/revisions"}],"predecessor-version":[{"id":23871,"href":"https:\/\/historiaus.usz.edu.pl\/index.php?rest_route=\/wp\/v2\/posts\/23869\/revisions\/23871"}],"wp:attachment":[{"href":"https:\/\/historiaus.usz.edu.pl\/index.php?rest_route=%2Fwp%2Fv2%2Fmedia&parent=23869"}],"wp:term":[{"taxonomy":"category","embeddable":true,"href":"https:\/\/historiaus.usz.edu.pl\/index.php?rest_route=%2Fwp%2Fv2%2Fcategories&post=23869"},{"taxonomy":"post_tag","embeddable":true,"href":"https:\/\/historiaus.usz.edu.pl\/index.php?rest_route=%2Fwp%2Fv2%2Ftags&post=23869"},{"taxonomy":"subpage_bus","embeddable":true,"href":"https:\/\/historiaus.usz.edu.pl\/index.php?rest_route=%2Fwp%2Fv2%2Fsubpage_bus&post=23869"}],"curies":[{"name":"wp","href":"https:\/\/api.w.org\/{rel}","templated":true}]}}