{"id":23926,"date":"2025-08-14T08:47:36","date_gmt":"2025-08-14T06:47:36","guid":{"rendered":"https:\/\/historiaus.usz.edu.pl\/?p=23926"},"modified":"2025-08-14T08:49:31","modified_gmt":"2025-08-14T06:49:31","slug":"perelki-znalezione-pod-lozkiem","status":"publish","type":"post","link":"https:\/\/historiaus.usz.edu.pl\/?p=23926","title":{"rendered":"Pere\u0142ki &#8222;Znalezione pod \u0142\u00f3\u017ckiem&#8221;"},"content":{"rendered":"\n<figure class=\"wp-block-gallery has-nested-images columns-default is-cropped wp-block-gallery-1 is-layout-flex wp-block-gallery-is-layout-flex\">\n<figure class=\"wp-block-image size-large\"><a href=\"https:\/\/historiaus.usz.edu.pl\/wp-content\/uploads\/2025\/08\/KSz-15.05.2024-Nr-94-s.-7-Kulmowa.jpg\"><img loading=\"lazy\" decoding=\"async\" width=\"1531\" height=\"744\" data-id=\"23927\" src=\"https:\/\/historiaus.usz.edu.pl\/wp-content\/uploads\/2025\/08\/KSz-15.05.2024-Nr-94-s.-7-Kulmowa.jpg\" alt=\"\" class=\"wp-image-23927\" srcset=\"https:\/\/historiaus.usz.edu.pl\/wp-content\/uploads\/2025\/08\/KSz-15.05.2024-Nr-94-s.-7-Kulmowa.jpg 1531w, https:\/\/historiaus.usz.edu.pl\/wp-content\/uploads\/2025\/08\/KSz-15.05.2024-Nr-94-s.-7-Kulmowa-450x219.jpg 450w, https:\/\/historiaus.usz.edu.pl\/wp-content\/uploads\/2025\/08\/KSz-15.05.2024-Nr-94-s.-7-Kulmowa-768x373.jpg 768w\" sizes=\"auto, (max-width: 1531px) 100vw, 1531px\" \/><\/a><\/figure>\n<\/figure>\n","protected":false},"excerpt":{"rendered":"","protected":false},"author":10,"featured_media":0,"comment_status":"closed","ping_status":"closed","sticky":false,"template":"","format":"standard","meta":{"footnotes":""},"categories":[1484],"tags":[207,6089],"subpage_bus":[],"class_list":["post-23926","post","type-post","status-publish","format-standard","hentry","category-uniwersytet-szczecinski","tag-joanna-kulmowa","tag-wiersze"],"_links":{"self":[{"href":"https:\/\/historiaus.usz.edu.pl\/index.php?rest_route=\/wp\/v2\/posts\/23926","targetHints":{"allow":["GET"]}}],"collection":[{"href":"https:\/\/historiaus.usz.edu.pl\/index.php?rest_route=\/wp\/v2\/posts"}],"about":[{"href":"https:\/\/historiaus.usz.edu.pl\/index.php?rest_route=\/wp\/v2\/types\/post"}],"author":[{"embeddable":true,"href":"https:\/\/historiaus.usz.edu.pl\/index.php?rest_route=\/wp\/v2\/users\/10"}],"replies":[{"embeddable":true,"href":"https:\/\/historiaus.usz.edu.pl\/index.php?rest_route=%2Fwp%2Fv2%2Fcomments&post=23926"}],"version-history":[{"count":1,"href":"https:\/\/historiaus.usz.edu.pl\/index.php?rest_route=\/wp\/v2\/posts\/23926\/revisions"}],"predecessor-version":[{"id":23928,"href":"https:\/\/historiaus.usz.edu.pl\/index.php?rest_route=\/wp\/v2\/posts\/23926\/revisions\/23928"}],"wp:attachment":[{"href":"https:\/\/historiaus.usz.edu.pl\/index.php?rest_route=%2Fwp%2Fv2%2Fmedia&parent=23926"}],"wp:term":[{"taxonomy":"category","embeddable":true,"href":"https:\/\/historiaus.usz.edu.pl\/index.php?rest_route=%2Fwp%2Fv2%2Fcategories&post=23926"},{"taxonomy":"post_tag","embeddable":true,"href":"https:\/\/historiaus.usz.edu.pl\/index.php?rest_route=%2Fwp%2Fv2%2Ftags&post=23926"},{"taxonomy":"subpage_bus","embeddable":true,"href":"https:\/\/historiaus.usz.edu.pl\/index.php?rest_route=%2Fwp%2Fv2%2Fsubpage_bus&post=23926"}],"curies":[{"name":"wp","href":"https:\/\/api.w.org\/{rel}","templated":true}]}}