{"id":23938,"date":"2025-10-07T15:17:14","date_gmt":"2025-10-07T13:17:14","guid":{"rendered":"https:\/\/historiaus.usz.edu.pl\/?p=23938"},"modified":"2025-10-07T15:17:15","modified_gmt":"2025-10-07T13:17:15","slug":"sniete-ryby-kolo-bielinka","status":"publish","type":"post","link":"https:\/\/historiaus.usz.edu.pl\/?p=23938","title":{"rendered":"\u015ani\u0119te ryby ko\u0142o Bielinka"},"content":{"rendered":"\n<figure class=\"wp-block-gallery has-nested-images columns-default is-cropped wp-block-gallery-1 is-layout-flex wp-block-gallery-is-layout-flex\">\n<figure class=\"wp-block-image size-large\"><a href=\"https:\/\/historiaus.usz.edu.pl\/wp-content\/uploads\/2025\/10\/KSz-14-16.06.2024-Nr-115-s.-1-M.Bak-cz.1.jpg\"><img loading=\"lazy\" decoding=\"async\" width=\"724\" height=\"641\" data-id=\"23939\" src=\"https:\/\/historiaus.usz.edu.pl\/wp-content\/uploads\/2025\/10\/KSz-14-16.06.2024-Nr-115-s.-1-M.Bak-cz.1.jpg\" alt=\"\" class=\"wp-image-23939\" srcset=\"https:\/\/historiaus.usz.edu.pl\/wp-content\/uploads\/2025\/10\/KSz-14-16.06.2024-Nr-115-s.-1-M.Bak-cz.1.jpg 724w, https:\/\/historiaus.usz.edu.pl\/wp-content\/uploads\/2025\/10\/KSz-14-16.06.2024-Nr-115-s.-1-M.Bak-cz.1-339x300.jpg 339w\" sizes=\"auto, (max-width: 724px) 100vw, 724px\" \/><\/a><\/figure>\n<\/figure>\n\n\n\n<p>   s. 1<\/p>\n\n\n\n<figure class=\"wp-block-gallery has-nested-images columns-default is-cropped wp-block-gallery-2 is-layout-flex wp-block-gallery-is-layout-flex\">\n<figure class=\"wp-block-image size-large\"><a href=\"https:\/\/historiaus.usz.edu.pl\/wp-content\/uploads\/2025\/10\/KSz-14-16.06.2024-Nr-115-s.-3-M.Bak-cz.2.jpg\"><img loading=\"lazy\" decoding=\"async\" width=\"727\" height=\"590\" data-id=\"23940\" src=\"https:\/\/historiaus.usz.edu.pl\/wp-content\/uploads\/2025\/10\/KSz-14-16.06.2024-Nr-115-s.-3-M.Bak-cz.2.jpg\" alt=\"\" class=\"wp-image-23940\" srcset=\"https:\/\/historiaus.usz.edu.pl\/wp-content\/uploads\/2025\/10\/KSz-14-16.06.2024-Nr-115-s.-3-M.Bak-cz.2.jpg 727w, https:\/\/historiaus.usz.edu.pl\/wp-content\/uploads\/2025\/10\/KSz-14-16.06.2024-Nr-115-s.-3-M.Bak-cz.2-370x300.jpg 370w\" sizes=\"auto, (max-width: 727px) 100vw, 727px\" \/><\/a><\/figure>\n<\/figure>\n\n\n\n<p>  s. 3<\/p>\n","protected":false},"excerpt":{"rendered":"<p>s. 1 s. 3<\/p>\n","protected":false},"author":10,"featured_media":0,"comment_status":"closed","ping_status":"closed","sticky":false,"template":"","format":"standard","meta":{"footnotes":""},"categories":[1484],"tags":[5431,6094,5616],"subpage_bus":[3157,4868,86],"class_list":["post-23938","post","type-post","status-publish","format-standard","hentry","category-uniwersytet-szczecinski","tag-dr-hab-inz-agnieszka-szlauer-lukaszewska","tag-dr-hab-malgorzata-bak","tag-sniecie-ryb","subpage_bus-ekologia-i-ochrona-srodowiska","subpage_bus-gospodarka","subpage_bus-sylwetki"],"_links":{"self":[{"href":"https:\/\/historiaus.usz.edu.pl\/index.php?rest_route=\/wp\/v2\/posts\/23938","targetHints":{"allow":["GET"]}}],"collection":[{"href":"https:\/\/historiaus.usz.edu.pl\/index.php?rest_route=\/wp\/v2\/posts"}],"about":[{"href":"https:\/\/historiaus.usz.edu.pl\/index.php?rest_route=\/wp\/v2\/types\/post"}],"author":[{"embeddable":true,"href":"https:\/\/historiaus.usz.edu.pl\/index.php?rest_route=\/wp\/v2\/users\/10"}],"replies":[{"embeddable":true,"href":"https:\/\/historiaus.usz.edu.pl\/index.php?rest_route=%2Fwp%2Fv2%2Fcomments&post=23938"}],"version-history":[{"count":1,"href":"https:\/\/historiaus.usz.edu.pl\/index.php?rest_route=\/wp\/v2\/posts\/23938\/revisions"}],"predecessor-version":[{"id":23941,"href":"https:\/\/historiaus.usz.edu.pl\/index.php?rest_route=\/wp\/v2\/posts\/23938\/revisions\/23941"}],"wp:attachment":[{"href":"https:\/\/historiaus.usz.edu.pl\/index.php?rest_route=%2Fwp%2Fv2%2Fmedia&parent=23938"}],"wp:term":[{"taxonomy":"category","embeddable":true,"href":"https:\/\/historiaus.usz.edu.pl\/index.php?rest_route=%2Fwp%2Fv2%2Fcategories&post=23938"},{"taxonomy":"post_tag","embeddable":true,"href":"https:\/\/historiaus.usz.edu.pl\/index.php?rest_route=%2Fwp%2Fv2%2Ftags&post=23938"},{"taxonomy":"subpage_bus","embeddable":true,"href":"https:\/\/historiaus.usz.edu.pl\/index.php?rest_route=%2Fwp%2Fv2%2Fsubpage_bus&post=23938"}],"curies":[{"name":"wp","href":"https:\/\/api.w.org\/{rel}","templated":true}]}}