{"id":23992,"date":"2025-12-09T13:24:28","date_gmt":"2025-12-09T12:24:28","guid":{"rendered":"https:\/\/historiaus.usz.edu.pl\/?p=23992"},"modified":"2025-12-09T13:24:29","modified_gmt":"2025-12-09T12:24:29","slug":"ta-ksiazka-to-mikroscena-mojego-zycia","status":"publish","type":"post","link":"https:\/\/historiaus.usz.edu.pl\/?p=23992","title":{"rendered":"Ta ksi\u0105\u017cka to mikroscena mojego \u017cycia"},"content":{"rendered":"\n<figure class=\"wp-block-gallery has-nested-images columns-default is-cropped wp-block-gallery-1 is-layout-flex wp-block-gallery-is-layout-flex\">\n<figure class=\"wp-block-image size-large\"><a href=\"https:\/\/historiaus.usz.edu.pl\/wp-content\/uploads\/2025\/12\/GW-10.05.2024-Nr-108-Tygodnik-Szczecin-s.-1-I.Iwasiow.jpg\"><img loading=\"lazy\" decoding=\"async\" width=\"437\" height=\"278\" data-id=\"23993\" src=\"https:\/\/historiaus.usz.edu.pl\/wp-content\/uploads\/2025\/12\/GW-10.05.2024-Nr-108-Tygodnik-Szczecin-s.-1-I.Iwasiow.jpg\" alt=\"\" class=\"wp-image-23993\"\/><\/a><\/figure>\n<\/figure>\n\n\n\n<figure class=\"wp-block-gallery has-nested-images columns-default is-cropped wp-block-gallery-2 is-layout-flex wp-block-gallery-is-layout-flex\">\n<figure class=\"wp-block-image size-large\"><a href=\"https:\/\/historiaus.usz.edu.pl\/wp-content\/uploads\/2025\/12\/GW-10.05.2024-Nr-108-Tygodnik-Szczecin-s.-2-I-.Iwasiow.jpg\"><img loading=\"lazy\" decoding=\"async\" width=\"888\" height=\"834\" data-id=\"23994\" src=\"https:\/\/historiaus.usz.edu.pl\/wp-content\/uploads\/2025\/12\/GW-10.05.2024-Nr-108-Tygodnik-Szczecin-s.-2-I-.Iwasiow.jpg\" alt=\"\" class=\"wp-image-23994\" srcset=\"https:\/\/historiaus.usz.edu.pl\/wp-content\/uploads\/2025\/12\/GW-10.05.2024-Nr-108-Tygodnik-Szczecin-s.-2-I-.Iwasiow.jpg 888w, https:\/\/historiaus.usz.edu.pl\/wp-content\/uploads\/2025\/12\/GW-10.05.2024-Nr-108-Tygodnik-Szczecin-s.-2-I-.Iwasiow-319x300.jpg 319w, https:\/\/historiaus.usz.edu.pl\/wp-content\/uploads\/2025\/12\/GW-10.05.2024-Nr-108-Tygodnik-Szczecin-s.-2-I-.Iwasiow-768x721.jpg 768w\" sizes=\"auto, (max-width: 888px) 100vw, 888px\" \/><\/a><\/figure>\n<\/figure>\n\n\n\n<figure class=\"wp-block-gallery has-nested-images columns-default is-cropped wp-block-gallery-3 is-layout-flex wp-block-gallery-is-layout-flex\">\n<figure class=\"wp-block-image size-large\"><a href=\"https:\/\/historiaus.usz.edu.pl\/wp-content\/uploads\/2025\/12\/GW-10.05.2024-Nr-108-Tygodnik-Szczecin-s.-3-I-.Iwasiow.jpg\"><img loading=\"lazy\" decoding=\"async\" width=\"898\" height=\"834\" data-id=\"23995\" src=\"https:\/\/historiaus.usz.edu.pl\/wp-content\/uploads\/2025\/12\/GW-10.05.2024-Nr-108-Tygodnik-Szczecin-s.-3-I-.Iwasiow.jpg\" alt=\"\" class=\"wp-image-23995\" srcset=\"https:\/\/historiaus.usz.edu.pl\/wp-content\/uploads\/2025\/12\/GW-10.05.2024-Nr-108-Tygodnik-Szczecin-s.-3-I-.Iwasiow.jpg 898w, https:\/\/historiaus.usz.edu.pl\/wp-content\/uploads\/2025\/12\/GW-10.05.2024-Nr-108-Tygodnik-Szczecin-s.-3-I-.Iwasiow-323x300.jpg 323w, https:\/\/historiaus.usz.edu.pl\/wp-content\/uploads\/2025\/12\/GW-10.05.2024-Nr-108-Tygodnik-Szczecin-s.-3-I-.Iwasiow-768x713.jpg 768w\" sizes=\"auto, (max-width: 898px) 100vw, 898px\" \/><\/a><\/figure>\n<\/figure>\n","protected":false},"excerpt":{"rendered":"","protected":false},"author":10,"featured_media":0,"comment_status":"closed","ping_status":"closed","sticky":false,"template":"","format":"standard","meta":{"footnotes":""},"categories":[4604,1484],"tags":[6120,2535,242],"subpage_bus":[60,86,343],"class_list":["post-23992","post","type-post","status-publish","format-standard","hentry","category-instytut-literatury-i-nowych-mediow","category-uniwersytet-szczecinski","tag-widok-z-okna-w-podrozy-sluzbowej","tag-dr-hab-inga-iwasiow","tag-ksiazka","subpage_bus-kultura","subpage_bus-sylwetki","subpage_bus-wywiad"],"_links":{"self":[{"href":"https:\/\/historiaus.usz.edu.pl\/index.php?rest_route=\/wp\/v2\/posts\/23992","targetHints":{"allow":["GET"]}}],"collection":[{"href":"https:\/\/historiaus.usz.edu.pl\/index.php?rest_route=\/wp\/v2\/posts"}],"about":[{"href":"https:\/\/historiaus.usz.edu.pl\/index.php?rest_route=\/wp\/v2\/types\/post"}],"author":[{"embeddable":true,"href":"https:\/\/historiaus.usz.edu.pl\/index.php?rest_route=\/wp\/v2\/users\/10"}],"replies":[{"embeddable":true,"href":"https:\/\/historiaus.usz.edu.pl\/index.php?rest_route=%2Fwp%2Fv2%2Fcomments&post=23992"}],"version-history":[{"count":1,"href":"https:\/\/historiaus.usz.edu.pl\/index.php?rest_route=\/wp\/v2\/posts\/23992\/revisions"}],"predecessor-version":[{"id":23996,"href":"https:\/\/historiaus.usz.edu.pl\/index.php?rest_route=\/wp\/v2\/posts\/23992\/revisions\/23996"}],"wp:attachment":[{"href":"https:\/\/historiaus.usz.edu.pl\/index.php?rest_route=%2Fwp%2Fv2%2Fmedia&parent=23992"}],"wp:term":[{"taxonomy":"category","embeddable":true,"href":"https:\/\/historiaus.usz.edu.pl\/index.php?rest_route=%2Fwp%2Fv2%2Fcategories&post=23992"},{"taxonomy":"post_tag","embeddable":true,"href":"https:\/\/historiaus.usz.edu.pl\/index.php?rest_route=%2Fwp%2Fv2%2Ftags&post=23992"},{"taxonomy":"subpage_bus","embeddable":true,"href":"https:\/\/historiaus.usz.edu.pl\/index.php?rest_route=%2Fwp%2Fv2%2Fsubpage_bus&post=23992"}],"curies":[{"name":"wp","href":"https:\/\/api.w.org\/{rel}","templated":true}]}}