{"id":24046,"date":"2026-06-23T08:53:31","date_gmt":"2026-06-23T06:53:31","guid":{"rendered":"https:\/\/historiaus.usz.edu.pl\/?p=24046"},"modified":"2026-06-23T08:53:32","modified_gmt":"2026-06-23T06:53:32","slug":"muzeum-ktore-nie-moze-miec-konca","status":"publish","type":"post","link":"https:\/\/historiaus.usz.edu.pl\/?p=24046","title":{"rendered":"Muzeum, kt\u00f3re nie mo\u017ce mie\u0107 ko\u0144ca"},"content":{"rendered":"\n<figure class=\"wp-block-gallery has-nested-images columns-default is-cropped wp-block-gallery-1 is-layout-flex wp-block-gallery-is-layout-flex\">\n<figure class=\"wp-block-image size-large\"><a href=\"https:\/\/historiaus.usz.edu.pl\/wp-content\/uploads\/2026\/06\/KSz-02.02.2026-Nr-21-s.-6-debata.jpg\"><img loading=\"lazy\" decoding=\"async\" width=\"1317\" height=\"897\" data-id=\"24047\" src=\"https:\/\/historiaus.usz.edu.pl\/wp-content\/uploads\/2026\/06\/KSz-02.02.2026-Nr-21-s.-6-debata.jpg\" alt=\"\" class=\"wp-image-24047\" srcset=\"https:\/\/historiaus.usz.edu.pl\/wp-content\/uploads\/2026\/06\/KSz-02.02.2026-Nr-21-s.-6-debata.jpg 1317w, https:\/\/historiaus.usz.edu.pl\/wp-content\/uploads\/2026\/06\/KSz-02.02.2026-Nr-21-s.-6-debata-440x300.jpg 440w, https:\/\/historiaus.usz.edu.pl\/wp-content\/uploads\/2026\/06\/KSz-02.02.2026-Nr-21-s.-6-debata-768x523.jpg 768w\" sizes=\"auto, (max-width: 1317px) 100vw, 1317px\" \/><\/a><\/figure>\n<\/figure>\n","protected":false},"excerpt":{"rendered":"","protected":false},"author":10,"featured_media":0,"comment_status":"closed","ping_status":"closed","sticky":false,"template":"","format":"standard","meta":{"footnotes":""},"categories":[1484],"tags":[2488,6144,4271,4170,6142,1823,6143,3570,2939],"subpage_bus":[60,86],"class_list":["post-24046","post","type-post","status-publish","format-standard","hentry","category-uniwersytet-szczecinski","tag-centrum-dialogu-przelomy","tag-debata-ekspercka","tag-dr-hab-maciej-kowalewski","tag-dr-tomasz-slepowronski","tag-jacek-ogrodniczak","tag-muzeum-narodowe","tag-muzeum-techniki-i-komunikacji","tag-pawel-bartnik","tag-prof-dr-hab-adam-makowski","subpage_bus-kultura","subpage_bus-sylwetki"],"_links":{"self":[{"href":"https:\/\/historiaus.usz.edu.pl\/index.php?rest_route=\/wp\/v2\/posts\/24046","targetHints":{"allow":["GET"]}}],"collection":[{"href":"https:\/\/historiaus.usz.edu.pl\/index.php?rest_route=\/wp\/v2\/posts"}],"about":[{"href":"https:\/\/historiaus.usz.edu.pl\/index.php?rest_route=\/wp\/v2\/types\/post"}],"author":[{"embeddable":true,"href":"https:\/\/historiaus.usz.edu.pl\/index.php?rest_route=\/wp\/v2\/users\/10"}],"replies":[{"embeddable":true,"href":"https:\/\/historiaus.usz.edu.pl\/index.php?rest_route=%2Fwp%2Fv2%2Fcomments&post=24046"}],"version-history":[{"count":1,"href":"https:\/\/historiaus.usz.edu.pl\/index.php?rest_route=\/wp\/v2\/posts\/24046\/revisions"}],"predecessor-version":[{"id":24048,"href":"https:\/\/historiaus.usz.edu.pl\/index.php?rest_route=\/wp\/v2\/posts\/24046\/revisions\/24048"}],"wp:attachment":[{"href":"https:\/\/historiaus.usz.edu.pl\/index.php?rest_route=%2Fwp%2Fv2%2Fmedia&parent=24046"}],"wp:term":[{"taxonomy":"category","embeddable":true,"href":"https:\/\/historiaus.usz.edu.pl\/index.php?rest_route=%2Fwp%2Fv2%2Fcategories&post=24046"},{"taxonomy":"post_tag","embeddable":true,"href":"https:\/\/historiaus.usz.edu.pl\/index.php?rest_route=%2Fwp%2Fv2%2Ftags&post=24046"},{"taxonomy":"subpage_bus","embeddable":true,"href":"https:\/\/historiaus.usz.edu.pl\/index.php?rest_route=%2Fwp%2Fv2%2Fsubpage_bus&post=24046"}],"curies":[{"name":"wp","href":"https:\/\/api.w.org\/{rel}","templated":true}]}}