{"id":24095,"date":"2026-08-10T14:24:28","date_gmt":"2026-08-10T12:24:28","guid":{"rendered":"https:\/\/historiaus.usz.edu.pl\/?p=24095"},"modified":"2026-08-10T14:24:30","modified_gmt":"2026-08-10T12:24:30","slug":"samotnosc-kierownikow","status":"publish","type":"post","link":"https:\/\/historiaus.usz.edu.pl\/?p=24095","title":{"rendered":"Samotno\u015b\u0107 kierownik\u00f3w"},"content":{"rendered":"\n<figure class=\"wp-block-gallery has-nested-images columns-default is-cropped wp-block-gallery-1 is-layout-flex wp-block-gallery-is-layout-flex\">\n<figure class=\"wp-block-image size-large\"><a href=\"https:\/\/historiaus.usz.edu.pl\/wp-content\/uploads\/2026\/08\/Bibliotekarz-nr-7-8-2026-s.-16-17-D.Ziarkowski.jpg\"><img loading=\"lazy\" decoding=\"async\" width=\"1933\" height=\"1375\" data-id=\"24096\" src=\"https:\/\/historiaus.usz.edu.pl\/wp-content\/uploads\/2026\/08\/Bibliotekarz-nr-7-8-2026-s.-16-17-D.Ziarkowski.jpg\" alt=\"\" class=\"wp-image-24096\" srcset=\"https:\/\/historiaus.usz.edu.pl\/wp-content\/uploads\/2026\/08\/Bibliotekarz-nr-7-8-2026-s.-16-17-D.Ziarkowski.jpg 1933w, https:\/\/historiaus.usz.edu.pl\/wp-content\/uploads\/2026\/08\/Bibliotekarz-nr-7-8-2026-s.-16-17-D.Ziarkowski-422x300.jpg 422w, https:\/\/historiaus.usz.edu.pl\/wp-content\/uploads\/2026\/08\/Bibliotekarz-nr-7-8-2026-s.-16-17-D.Ziarkowski-768x546.jpg 768w, https:\/\/historiaus.usz.edu.pl\/wp-content\/uploads\/2026\/08\/Bibliotekarz-nr-7-8-2026-s.-16-17-D.Ziarkowski-1536x1093.jpg 1536w\" sizes=\"auto, (max-width: 1933px) 100vw, 1933px\" \/><\/a><\/figure>\n<\/figure>\n\n\n\n<p>  s. 16-17<\/p>\n\n\n\n<figure class=\"wp-block-gallery has-nested-images columns-default is-cropped wp-block-gallery-2 is-layout-flex wp-block-gallery-is-layout-flex\">\n<figure class=\"wp-block-image size-large\"><a href=\"https:\/\/historiaus.usz.edu.pl\/wp-content\/uploads\/2026\/08\/Bibliotekarz-nr-7-8-2026-s.-18-19-D.Ziarkowski.jpg\"><img loading=\"lazy\" decoding=\"async\" width=\"1927\" height=\"1376\" data-id=\"24097\" src=\"https:\/\/historiaus.usz.edu.pl\/wp-content\/uploads\/2026\/08\/Bibliotekarz-nr-7-8-2026-s.-18-19-D.Ziarkowski.jpg\" alt=\"\" class=\"wp-image-24097\" srcset=\"https:\/\/historiaus.usz.edu.pl\/wp-content\/uploads\/2026\/08\/Bibliotekarz-nr-7-8-2026-s.-18-19-D.Ziarkowski.jpg 1927w, https:\/\/historiaus.usz.edu.pl\/wp-content\/uploads\/2026\/08\/Bibliotekarz-nr-7-8-2026-s.-18-19-D.Ziarkowski-420x300.jpg 420w, https:\/\/historiaus.usz.edu.pl\/wp-content\/uploads\/2026\/08\/Bibliotekarz-nr-7-8-2026-s.-18-19-D.Ziarkowski-768x548.jpg 768w, https:\/\/historiaus.usz.edu.pl\/wp-content\/uploads\/2026\/08\/Bibliotekarz-nr-7-8-2026-s.-18-19-D.Ziarkowski-1536x1097.jpg 1536w\" sizes=\"auto, (max-width: 1927px) 100vw, 1927px\" \/><\/a><\/figure>\n<\/figure>\n\n\n\n<p>  s. 18-19<\/p>\n","protected":false},"excerpt":{"rendered":"<p>s. 16-17 s. 18-19<\/p>\n","protected":false},"author":10,"featured_media":0,"comment_status":"closed","ping_status":"closed","sticky":false,"template":"","format":"standard","meta":{"footnotes":""},"categories":[182,1484],"tags":[6182,5212,3956,3722,6183],"subpage_bus":[60,86],"class_list":["post-24095","post","type-post","status-publish","format-standard","hentry","category-biblioteka-glowna","category-uniwersytet-szczecinski","tag-artykuly","tag-biblioteka-wydzialu-teologicznego-us","tag-bibliotekarz","tag-daniel-ziarkowski","tag-kierownik","subpage_bus-kultura","subpage_bus-sylwetki"],"_links":{"self":[{"href":"https:\/\/historiaus.usz.edu.pl\/index.php?rest_route=\/wp\/v2\/posts\/24095","targetHints":{"allow":["GET"]}}],"collection":[{"href":"https:\/\/historiaus.usz.edu.pl\/index.php?rest_route=\/wp\/v2\/posts"}],"about":[{"href":"https:\/\/historiaus.usz.edu.pl\/index.php?rest_route=\/wp\/v2\/types\/post"}],"author":[{"embeddable":true,"href":"https:\/\/historiaus.usz.edu.pl\/index.php?rest_route=\/wp\/v2\/users\/10"}],"replies":[{"embeddable":true,"href":"https:\/\/historiaus.usz.edu.pl\/index.php?rest_route=%2Fwp%2Fv2%2Fcomments&post=24095"}],"version-history":[{"count":1,"href":"https:\/\/historiaus.usz.edu.pl\/index.php?rest_route=\/wp\/v2\/posts\/24095\/revisions"}],"predecessor-version":[{"id":24098,"href":"https:\/\/historiaus.usz.edu.pl\/index.php?rest_route=\/wp\/v2\/posts\/24095\/revisions\/24098"}],"wp:attachment":[{"href":"https:\/\/historiaus.usz.edu.pl\/index.php?rest_route=%2Fwp%2Fv2%2Fmedia&parent=24095"}],"wp:term":[{"taxonomy":"category","embeddable":true,"href":"https:\/\/historiaus.usz.edu.pl\/index.php?rest_route=%2Fwp%2Fv2%2Fcategories&post=24095"},{"taxonomy":"post_tag","embeddable":true,"href":"https:\/\/historiaus.usz.edu.pl\/index.php?rest_route=%2Fwp%2Fv2%2Ftags&post=24095"},{"taxonomy":"subpage_bus","embeddable":true,"href":"https:\/\/historiaus.usz.edu.pl\/index.php?rest_route=%2Fwp%2Fv2%2Fsubpage_bus&post=24095"}],"curies":[{"name":"wp","href":"https:\/\/api.w.org\/{rel}","templated":true}]}}