{"id":24103,"date":"2026-08-11T15:17:03","date_gmt":"2026-08-11T13:17:03","guid":{"rendered":"https:\/\/historiaus.usz.edu.pl\/?p=24103"},"modified":"2026-08-11T15:17:04","modified_gmt":"2026-08-11T13:17:04","slug":"zespol-marzen-jak-sprawic-by-ludzie-lubili-ze-soba-pracowac","status":"publish","type":"post","link":"https:\/\/historiaus.usz.edu.pl\/?p=24103","title":{"rendered":"&#8222;Zesp\u00f3\u0142 marze\u0144 &#8211; jak sprawi\u0107, by ludzie lubili ze sob\u0105 pracowa\u0107&#8221;"},"content":{"rendered":"\n<figure class=\"wp-block-gallery has-nested-images columns-default is-cropped wp-block-gallery-1 is-layout-flex wp-block-gallery-is-layout-flex\">\n<figure class=\"wp-block-image size-large\"><a href=\"https:\/\/historiaus.usz.edu.pl\/wp-content\/uploads\/2026\/08\/Bibliotekarz-nr-1-2026-s.-40-webinar-o-zespole-marzen-Z-zycia-SBP-Marzena-Przybysz.jpg\"><img loading=\"lazy\" decoding=\"async\" width=\"418\" height=\"416\" data-id=\"24104\" src=\"https:\/\/historiaus.usz.edu.pl\/wp-content\/uploads\/2026\/08\/Bibliotekarz-nr-1-2026-s.-40-webinar-o-zespole-marzen-Z-zycia-SBP-Marzena-Przybysz.jpg\" alt=\"\" class=\"wp-image-24104\" srcset=\"https:\/\/historiaus.usz.edu.pl\/wp-content\/uploads\/2026\/08\/Bibliotekarz-nr-1-2026-s.-40-webinar-o-zespole-marzen-Z-zycia-SBP-Marzena-Przybysz.jpg 418w, https:\/\/historiaus.usz.edu.pl\/wp-content\/uploads\/2026\/08\/Bibliotekarz-nr-1-2026-s.-40-webinar-o-zespole-marzen-Z-zycia-SBP-Marzena-Przybysz-301x300.jpg 301w, https:\/\/historiaus.usz.edu.pl\/wp-content\/uploads\/2026\/08\/Bibliotekarz-nr-1-2026-s.-40-webinar-o-zespole-marzen-Z-zycia-SBP-Marzena-Przybysz-150x150.jpg 150w\" sizes=\"auto, (max-width: 418px) 100vw, 418px\" \/><\/a><\/figure>\n<\/figure>\n","protected":false},"excerpt":{"rendered":"","protected":false},"author":10,"featured_media":0,"comment_status":"closed","ping_status":"closed","sticky":false,"template":"","format":"standard","meta":{"footnotes":""},"categories":[5684,1484],"tags":[6189,184,6188,6190],"subpage_bus":[49,86,59],"class_list":["post-24103","post","type-post","status-publish","format-standard","hentry","category-instytut-gospodarki-przestrzennej-i-geografii-spoleczno-ekonomicznej","category-uniwersytet-szczecinski","tag-dr-daniel-szostak","tag-sbp","tag-webinar","tag-zespol-marzen","subpage_bus-dzialalnosc-naukowa-i-dydaktyczna","subpage_bus-sylwetki","subpage_bus-zycie-spoleczne-i-polityczne"],"_links":{"self":[{"href":"https:\/\/historiaus.usz.edu.pl\/index.php?rest_route=\/wp\/v2\/posts\/24103","targetHints":{"allow":["GET"]}}],"collection":[{"href":"https:\/\/historiaus.usz.edu.pl\/index.php?rest_route=\/wp\/v2\/posts"}],"about":[{"href":"https:\/\/historiaus.usz.edu.pl\/index.php?rest_route=\/wp\/v2\/types\/post"}],"author":[{"embeddable":true,"href":"https:\/\/historiaus.usz.edu.pl\/index.php?rest_route=\/wp\/v2\/users\/10"}],"replies":[{"embeddable":true,"href":"https:\/\/historiaus.usz.edu.pl\/index.php?rest_route=%2Fwp%2Fv2%2Fcomments&post=24103"}],"version-history":[{"count":1,"href":"https:\/\/historiaus.usz.edu.pl\/index.php?rest_route=\/wp\/v2\/posts\/24103\/revisions"}],"predecessor-version":[{"id":24105,"href":"https:\/\/historiaus.usz.edu.pl\/index.php?rest_route=\/wp\/v2\/posts\/24103\/revisions\/24105"}],"wp:attachment":[{"href":"https:\/\/historiaus.usz.edu.pl\/index.php?rest_route=%2Fwp%2Fv2%2Fmedia&parent=24103"}],"wp:term":[{"taxonomy":"category","embeddable":true,"href":"https:\/\/historiaus.usz.edu.pl\/index.php?rest_route=%2Fwp%2Fv2%2Fcategories&post=24103"},{"taxonomy":"post_tag","embeddable":true,"href":"https:\/\/historiaus.usz.edu.pl\/index.php?rest_route=%2Fwp%2Fv2%2Ftags&post=24103"},{"taxonomy":"subpage_bus","embeddable":true,"href":"https:\/\/historiaus.usz.edu.pl\/index.php?rest_route=%2Fwp%2Fv2%2Fsubpage_bus&post=24103"}],"curies":[{"name":"wp","href":"https:\/\/api.w.org\/{rel}","templated":true}]}}