{"id":2534,"date":"2015-07-22T11:24:08","date_gmt":"2015-07-22T09:24:08","guid":{"rendered":"https:\/\/historiaus.usz.edu.pl\/?p=2534"},"modified":"2015-07-22T11:24:08","modified_gmt":"2015-07-22T09:24:08","slug":"mlodziencze-dzielo-schuberta","status":"publish","type":"post","link":"https:\/\/historiaus.usz.edu.pl\/?p=2534","title":{"rendered":"M\u0142odzie\u0144cze dzie\u0142o Schuberta"},"content":{"rendered":"<p><a href=\"https:\/\/historiaus.usz.edu.pl\/wp-content\/uploads\/2015\/07\/GS-5.12.1988.jpg\"><img loading=\"lazy\" decoding=\"async\" class=\"alignnone size-medium wp-image-2535\" src=\"https:\/\/historiaus.usz.edu.pl\/wp-content\/uploads\/2015\/07\/GS-5.12.1988-269x300.jpg\" alt=\"GS 5.12.1988\" width=\"269\" height=\"300\" srcset=\"https:\/\/historiaus.usz.edu.pl\/wp-content\/uploads\/2015\/07\/GS-5.12.1988-269x300.jpg 269w, https:\/\/historiaus.usz.edu.pl\/wp-content\/uploads\/2015\/07\/GS-5.12.1988.jpg 1375w\" sizes=\"auto, (max-width: 269px) 100vw, 269px\" \/><\/a><\/p>\n","protected":false},"excerpt":{"rendered":"","protected":false},"author":5,"featured_media":0,"comment_status":"closed","ping_status":"closed","sticky":false,"template":"","format":"standard","meta":{"footnotes":""},"categories":[1484],"tags":[1742,1707],"subpage_bus":[60,56],"class_list":["post-2534","post","type-post","status-publish","format-standard","hentry","category-uniwersytet-szczecinski","tag-chor-akademicki-uniwersytetu-szczecinskiego","tag-eugeniusz-kus","subpage_bus-kultura","subpage_bus-zycie-spoleczne"],"_links":{"self":[{"href":"https:\/\/historiaus.usz.edu.pl\/index.php?rest_route=\/wp\/v2\/posts\/2534","targetHints":{"allow":["GET"]}}],"collection":[{"href":"https:\/\/historiaus.usz.edu.pl\/index.php?rest_route=\/wp\/v2\/posts"}],"about":[{"href":"https:\/\/historiaus.usz.edu.pl\/index.php?rest_route=\/wp\/v2\/types\/post"}],"author":[{"embeddable":true,"href":"https:\/\/historiaus.usz.edu.pl\/index.php?rest_route=\/wp\/v2\/users\/5"}],"replies":[{"embeddable":true,"href":"https:\/\/historiaus.usz.edu.pl\/index.php?rest_route=%2Fwp%2Fv2%2Fcomments&post=2534"}],"version-history":[{"count":1,"href":"https:\/\/historiaus.usz.edu.pl\/index.php?rest_route=\/wp\/v2\/posts\/2534\/revisions"}],"predecessor-version":[{"id":2536,"href":"https:\/\/historiaus.usz.edu.pl\/index.php?rest_route=\/wp\/v2\/posts\/2534\/revisions\/2536"}],"wp:attachment":[{"href":"https:\/\/historiaus.usz.edu.pl\/index.php?rest_route=%2Fwp%2Fv2%2Fmedia&parent=2534"}],"wp:term":[{"taxonomy":"category","embeddable":true,"href":"https:\/\/historiaus.usz.edu.pl\/index.php?rest_route=%2Fwp%2Fv2%2Fcategories&post=2534"},{"taxonomy":"post_tag","embeddable":true,"href":"https:\/\/historiaus.usz.edu.pl\/index.php?rest_route=%2Fwp%2Fv2%2Ftags&post=2534"},{"taxonomy":"subpage_bus","embeddable":true,"href":"https:\/\/historiaus.usz.edu.pl\/index.php?rest_route=%2Fwp%2Fv2%2Fsubpage_bus&post=2534"}],"curies":[{"name":"wp","href":"https:\/\/api.w.org\/{rel}","templated":true}]}}