{"id":2729,"date":"2015-08-07T12:48:21","date_gmt":"2015-08-07T10:48:21","guid":{"rendered":"https:\/\/historiaus.usz.edu.pl\/?p=2729"},"modified":"2015-08-07T12:48:21","modified_gmt":"2015-08-07T10:48:21","slug":"swieto-profesora-gorskiego","status":"publish","type":"post","link":"https:\/\/historiaus.usz.edu.pl\/?p=2729","title":{"rendered":"\u015awi\u0119to profesora G\u00f3rskiego"},"content":{"rendered":"<p><a href=\"https:\/\/historiaus.usz.edu.pl\/wp-content\/uploads\/2015\/08\/swieto-profesora-gorskiego.jpg\"><img loading=\"lazy\" decoding=\"async\" class=\"alignnone size-medium wp-image-2730\" src=\"https:\/\/historiaus.usz.edu.pl\/wp-content\/uploads\/2015\/08\/swieto-profesora-gorskiego-384x300.jpg\" alt=\"swieto profesora gorskiego\" width=\"384\" height=\"300\" srcset=\"https:\/\/historiaus.usz.edu.pl\/wp-content\/uploads\/2015\/08\/swieto-profesora-gorskiego-384x300.jpg 384w, https:\/\/historiaus.usz.edu.pl\/wp-content\/uploads\/2015\/08\/swieto-profesora-gorskiego.jpg 1793w\" sizes=\"auto, (max-width: 384px) 100vw, 384px\" \/><\/a><\/p>\n","protected":false},"excerpt":{"rendered":"","protected":false},"author":7,"featured_media":0,"comment_status":"closed","ping_status":"closed","sticky":false,"template":"","format":"standard","meta":{"footnotes":""},"categories":[1484],"tags":[169,1328],"subpage_bus":[86],"class_list":["post-2729","post","type-post","status-publish","format-standard","hentry","category-uniwersytet-szczecinski","tag-jubileusz","tag-prof-wladyslaw-gorski","subpage_bus-sylwetki"],"_links":{"self":[{"href":"https:\/\/historiaus.usz.edu.pl\/index.php?rest_route=\/wp\/v2\/posts\/2729","targetHints":{"allow":["GET"]}}],"collection":[{"href":"https:\/\/historiaus.usz.edu.pl\/index.php?rest_route=\/wp\/v2\/posts"}],"about":[{"href":"https:\/\/historiaus.usz.edu.pl\/index.php?rest_route=\/wp\/v2\/types\/post"}],"author":[{"embeddable":true,"href":"https:\/\/historiaus.usz.edu.pl\/index.php?rest_route=\/wp\/v2\/users\/7"}],"replies":[{"embeddable":true,"href":"https:\/\/historiaus.usz.edu.pl\/index.php?rest_route=%2Fwp%2Fv2%2Fcomments&post=2729"}],"version-history":[{"count":1,"href":"https:\/\/historiaus.usz.edu.pl\/index.php?rest_route=\/wp\/v2\/posts\/2729\/revisions"}],"predecessor-version":[{"id":2731,"href":"https:\/\/historiaus.usz.edu.pl\/index.php?rest_route=\/wp\/v2\/posts\/2729\/revisions\/2731"}],"wp:attachment":[{"href":"https:\/\/historiaus.usz.edu.pl\/index.php?rest_route=%2Fwp%2Fv2%2Fmedia&parent=2729"}],"wp:term":[{"taxonomy":"category","embeddable":true,"href":"https:\/\/historiaus.usz.edu.pl\/index.php?rest_route=%2Fwp%2Fv2%2Fcategories&post=2729"},{"taxonomy":"post_tag","embeddable":true,"href":"https:\/\/historiaus.usz.edu.pl\/index.php?rest_route=%2Fwp%2Fv2%2Ftags&post=2729"},{"taxonomy":"subpage_bus","embeddable":true,"href":"https:\/\/historiaus.usz.edu.pl\/index.php?rest_route=%2Fwp%2Fv2%2Fsubpage_bus&post=2729"}],"curies":[{"name":"wp","href":"https:\/\/api.w.org\/{rel}","templated":true}]}}