{"id":2890,"date":"2015-09-15T10:09:47","date_gmt":"2015-09-15T08:09:47","guid":{"rendered":"https:\/\/historiaus.usz.edu.pl\/?p=2890"},"modified":"2015-09-15T10:09:47","modified_gmt":"2015-09-15T08:09:47","slug":"us-ma-wiecej-jezykow-2","status":"publish","type":"post","link":"https:\/\/historiaus.usz.edu.pl\/?p=2890","title":{"rendered":"US ma wi\u0119cej j\u0119zyk\u00f3w"},"content":{"rendered":"<p><a href=\"https:\/\/historiaus.usz.edu.pl\/wp-content\/uploads\/2015\/09\/26.06.2015.jpg\"><img loading=\"lazy\" decoding=\"async\" class=\"alignnone size-medium wp-image-2891\" src=\"https:\/\/historiaus.usz.edu.pl\/wp-content\/uploads\/2015\/09\/26.06.2015-341x300.jpg\" alt=\"26.06.2015\" width=\"341\" height=\"300\" \/><\/a><\/p>\n","protected":false},"excerpt":{"rendered":"","protected":false},"author":5,"featured_media":0,"comment_status":"closed","ping_status":"closed","sticky":false,"template":"","format":"standard","meta":{"footnotes":""},"categories":[70],"tags":[1574,103],"subpage_bus":[52,54,47,62],"class_list":["post-2890","post","type-post","status-publish","format-standard","hentry","category-wydzial-humanistyczny","tag-iberystyka","tag-nabor","subpage_bus-dydaktyka","subpage_bus-nabor-na-studia-nowe-kierunki-ksztalcenia","subpage_bus-nauka","subpage_bus-rozwoj-uniwersytetu-sprawy-organizacyjne"],"_links":{"self":[{"href":"https:\/\/historiaus.usz.edu.pl\/index.php?rest_route=\/wp\/v2\/posts\/2890","targetHints":{"allow":["GET"]}}],"collection":[{"href":"https:\/\/historiaus.usz.edu.pl\/index.php?rest_route=\/wp\/v2\/posts"}],"about":[{"href":"https:\/\/historiaus.usz.edu.pl\/index.php?rest_route=\/wp\/v2\/types\/post"}],"author":[{"embeddable":true,"href":"https:\/\/historiaus.usz.edu.pl\/index.php?rest_route=\/wp\/v2\/users\/5"}],"replies":[{"embeddable":true,"href":"https:\/\/historiaus.usz.edu.pl\/index.php?rest_route=%2Fwp%2Fv2%2Fcomments&post=2890"}],"version-history":[{"count":1,"href":"https:\/\/historiaus.usz.edu.pl\/index.php?rest_route=\/wp\/v2\/posts\/2890\/revisions"}],"predecessor-version":[{"id":2892,"href":"https:\/\/historiaus.usz.edu.pl\/index.php?rest_route=\/wp\/v2\/posts\/2890\/revisions\/2892"}],"wp:attachment":[{"href":"https:\/\/historiaus.usz.edu.pl\/index.php?rest_route=%2Fwp%2Fv2%2Fmedia&parent=2890"}],"wp:term":[{"taxonomy":"category","embeddable":true,"href":"https:\/\/historiaus.usz.edu.pl\/index.php?rest_route=%2Fwp%2Fv2%2Fcategories&post=2890"},{"taxonomy":"post_tag","embeddable":true,"href":"https:\/\/historiaus.usz.edu.pl\/index.php?rest_route=%2Fwp%2Fv2%2Ftags&post=2890"},{"taxonomy":"subpage_bus","embeddable":true,"href":"https:\/\/historiaus.usz.edu.pl\/index.php?rest_route=%2Fwp%2Fv2%2Fsubpage_bus&post=2890"}],"curies":[{"name":"wp","href":"https:\/\/api.w.org\/{rel}","templated":true}]}}