{"id":3148,"date":"2015-09-28T10:18:33","date_gmt":"2015-09-28T08:18:33","guid":{"rendered":"https:\/\/historiaus.usz.edu.pl\/?p=3148"},"modified":"2015-09-28T10:18:33","modified_gmt":"2015-09-28T08:18:33","slug":"w-jezyku-duzo-sie-dzieje","status":"publish","type":"post","link":"https:\/\/historiaus.usz.edu.pl\/?p=3148","title":{"rendered":"W j\u0119zyku du\u017co si\u0119 dzieje!"},"content":{"rendered":"<p><a href=\"https:\/\/historiaus.usz.edu.pl\/wp-content\/uploads\/2015\/09\/ks.21.02.2014.jpg\"><img loading=\"lazy\" decoding=\"async\" class=\"alignnone size-medium wp-image-3149\" src=\"https:\/\/historiaus.usz.edu.pl\/wp-content\/uploads\/2015\/09\/ks.21.02.2014-239x300.jpg\" alt=\"ks.21.02.2014\" width=\"239\" height=\"300\" srcset=\"https:\/\/historiaus.usz.edu.pl\/wp-content\/uploads\/2015\/09\/ks.21.02.2014-239x300.jpg 239w, https:\/\/historiaus.usz.edu.pl\/wp-content\/uploads\/2015\/09\/ks.21.02.2014.jpg 1815w\" sizes=\"auto, (max-width: 239px) 100vw, 239px\" \/><\/a><\/p>\n","protected":false},"excerpt":{"rendered":"","protected":false},"author":5,"featured_media":0,"comment_status":"closed","ping_status":"closed","sticky":false,"template":"","format":"standard","meta":{"footnotes":""},"categories":[411,410,1272],"tags":[1573,1546,1924],"subpage_bus":[60,343,56],"class_list":["post-3148","post","type-post","status-publish","format-standard","hentry","category-instytut-polonistyki-i-kulturoznawstwa","category-wydzial-filologiczny","category-zaklad-etnolingwistyki-i-kultury-jezyka","tag-akademickie-centrum-jezykow-obcych","tag-dr-hab-ewa-kolodziejek","tag-miedzynarodowy-dzien-jezyka-ojczystego","subpage_bus-kultura","subpage_bus-wywiad","subpage_bus-zycie-spoleczne"],"_links":{"self":[{"href":"https:\/\/historiaus.usz.edu.pl\/index.php?rest_route=\/wp\/v2\/posts\/3148","targetHints":{"allow":["GET"]}}],"collection":[{"href":"https:\/\/historiaus.usz.edu.pl\/index.php?rest_route=\/wp\/v2\/posts"}],"about":[{"href":"https:\/\/historiaus.usz.edu.pl\/index.php?rest_route=\/wp\/v2\/types\/post"}],"author":[{"embeddable":true,"href":"https:\/\/historiaus.usz.edu.pl\/index.php?rest_route=\/wp\/v2\/users\/5"}],"replies":[{"embeddable":true,"href":"https:\/\/historiaus.usz.edu.pl\/index.php?rest_route=%2Fwp%2Fv2%2Fcomments&post=3148"}],"version-history":[{"count":1,"href":"https:\/\/historiaus.usz.edu.pl\/index.php?rest_route=\/wp\/v2\/posts\/3148\/revisions"}],"predecessor-version":[{"id":3150,"href":"https:\/\/historiaus.usz.edu.pl\/index.php?rest_route=\/wp\/v2\/posts\/3148\/revisions\/3150"}],"wp:attachment":[{"href":"https:\/\/historiaus.usz.edu.pl\/index.php?rest_route=%2Fwp%2Fv2%2Fmedia&parent=3148"}],"wp:term":[{"taxonomy":"category","embeddable":true,"href":"https:\/\/historiaus.usz.edu.pl\/index.php?rest_route=%2Fwp%2Fv2%2Fcategories&post=3148"},{"taxonomy":"post_tag","embeddable":true,"href":"https:\/\/historiaus.usz.edu.pl\/index.php?rest_route=%2Fwp%2Fv2%2Ftags&post=3148"},{"taxonomy":"subpage_bus","embeddable":true,"href":"https:\/\/historiaus.usz.edu.pl\/index.php?rest_route=%2Fwp%2Fv2%2Fsubpage_bus&post=3148"}],"curies":[{"name":"wp","href":"https:\/\/api.w.org\/{rel}","templated":true}]}}