{"id":3347,"date":"2015-10-13T10:18:34","date_gmt":"2015-10-13T08:18:34","guid":{"rendered":"https:\/\/historiaus.usz.edu.pl\/?p=3347"},"modified":"2015-10-13T10:18:34","modified_gmt":"2015-10-13T08:18:34","slug":"szkoly-wyzsze-zaczynaja","status":"publish","type":"post","link":"https:\/\/historiaus.usz.edu.pl\/?p=3347","title":{"rendered":"Szko\u0142y wy\u017csze zaczynaj\u0105"},"content":{"rendered":"<p><a href=\"https:\/\/historiaus.usz.edu.pl\/wp-content\/uploads\/2015\/10\/ks.26.09.2013.jpg\"><img loading=\"lazy\" decoding=\"async\" class=\"alignnone size-medium wp-image-3348\" src=\"https:\/\/historiaus.usz.edu.pl\/wp-content\/uploads\/2015\/10\/ks.26.09.2013-428x300.jpg\" alt=\"ks.26.09.2013\" width=\"428\" height=\"300\" srcset=\"https:\/\/historiaus.usz.edu.pl\/wp-content\/uploads\/2015\/10\/ks.26.09.2013-428x300.jpg 428w, https:\/\/historiaus.usz.edu.pl\/wp-content\/uploads\/2015\/10\/ks.26.09.2013.jpg 1845w\" sizes=\"auto, (max-width: 428px) 100vw, 428px\" \/><\/a><\/p>\n","protected":false},"excerpt":{"rendered":"","protected":false},"author":5,"featured_media":0,"comment_status":"closed","ping_status":"closed","sticky":false,"template":"","format":"standard","meta":{"footnotes":""},"categories":[1484],"tags":[1977,1506],"subpage_bus":[52,53,56,1974],"class_list":["post-3347","post","type-post","status-publish","format-standard","hentry","category-uniwersytet-szczecinski","tag-defilada","tag-inauguracja-roku-akademickiego","subpage_bus-dydaktyka","subpage_bus-inauguracja-roku-akademickiego","subpage_bus-zycie-spoleczne","subpage_bus-zycie-studenckie"],"_links":{"self":[{"href":"https:\/\/historiaus.usz.edu.pl\/index.php?rest_route=\/wp\/v2\/posts\/3347","targetHints":{"allow":["GET"]}}],"collection":[{"href":"https:\/\/historiaus.usz.edu.pl\/index.php?rest_route=\/wp\/v2\/posts"}],"about":[{"href":"https:\/\/historiaus.usz.edu.pl\/index.php?rest_route=\/wp\/v2\/types\/post"}],"author":[{"embeddable":true,"href":"https:\/\/historiaus.usz.edu.pl\/index.php?rest_route=\/wp\/v2\/users\/5"}],"replies":[{"embeddable":true,"href":"https:\/\/historiaus.usz.edu.pl\/index.php?rest_route=%2Fwp%2Fv2%2Fcomments&post=3347"}],"version-history":[{"count":1,"href":"https:\/\/historiaus.usz.edu.pl\/index.php?rest_route=\/wp\/v2\/posts\/3347\/revisions"}],"predecessor-version":[{"id":3349,"href":"https:\/\/historiaus.usz.edu.pl\/index.php?rest_route=\/wp\/v2\/posts\/3347\/revisions\/3349"}],"wp:attachment":[{"href":"https:\/\/historiaus.usz.edu.pl\/index.php?rest_route=%2Fwp%2Fv2%2Fmedia&parent=3347"}],"wp:term":[{"taxonomy":"category","embeddable":true,"href":"https:\/\/historiaus.usz.edu.pl\/index.php?rest_route=%2Fwp%2Fv2%2Fcategories&post=3347"},{"taxonomy":"post_tag","embeddable":true,"href":"https:\/\/historiaus.usz.edu.pl\/index.php?rest_route=%2Fwp%2Fv2%2Ftags&post=3347"},{"taxonomy":"subpage_bus","embeddable":true,"href":"https:\/\/historiaus.usz.edu.pl\/index.php?rest_route=%2Fwp%2Fv2%2Fsubpage_bus&post=3347"}],"curies":[{"name":"wp","href":"https:\/\/api.w.org\/{rel}","templated":true}]}}