{"id":3658,"date":"2015-10-22T11:13:09","date_gmt":"2015-10-22T09:13:09","guid":{"rendered":"https:\/\/historiaus.usz.edu.pl\/?p=3658"},"modified":"2015-10-22T11:13:09","modified_gmt":"2015-10-22T09:13:09","slug":"osrodek-w-kulicach-znow-zacznie-dzialac","status":"publish","type":"post","link":"https:\/\/historiaus.usz.edu.pl\/?p=3658","title":{"rendered":"O\u015brodek w Kulicach zn\u00f3w zacznie dzia\u0142a\u0107"},"content":{"rendered":"<p><a href=\"https:\/\/historiaus.usz.edu.pl\/wp-content\/uploads\/2015\/10\/gs.14.07.2014.jpg\"><img loading=\"lazy\" decoding=\"async\" class=\"alignnone size-medium wp-image-3659\" src=\"https:\/\/historiaus.usz.edu.pl\/wp-content\/uploads\/2015\/10\/gs.14.07.2014-151x300.jpg\" alt=\"gs.14.07.2014\" width=\"151\" height=\"300\" srcset=\"https:\/\/historiaus.usz.edu.pl\/wp-content\/uploads\/2015\/10\/gs.14.07.2014-151x300.jpg 151w, https:\/\/historiaus.usz.edu.pl\/wp-content\/uploads\/2015\/10\/gs.14.07.2014.jpg 1066w\" sizes=\"auto, (max-width: 151px) 100vw, 151px\" \/><\/a><\/p>\n","protected":false},"excerpt":{"rendered":"","protected":false},"author":5,"featured_media":0,"comment_status":"closed","ping_status":"closed","sticky":false,"template":"","format":"standard","meta":{"footnotes":""},"categories":[1484],"tags":[347],"subpage_bus":[62],"class_list":["post-3658","post","type-post","status-publish","format-standard","hentry","category-uniwersytet-szczecinski","tag-kulice","subpage_bus-rozwoj-uniwersytetu-sprawy-organizacyjne"],"_links":{"self":[{"href":"https:\/\/historiaus.usz.edu.pl\/index.php?rest_route=\/wp\/v2\/posts\/3658","targetHints":{"allow":["GET"]}}],"collection":[{"href":"https:\/\/historiaus.usz.edu.pl\/index.php?rest_route=\/wp\/v2\/posts"}],"about":[{"href":"https:\/\/historiaus.usz.edu.pl\/index.php?rest_route=\/wp\/v2\/types\/post"}],"author":[{"embeddable":true,"href":"https:\/\/historiaus.usz.edu.pl\/index.php?rest_route=\/wp\/v2\/users\/5"}],"replies":[{"embeddable":true,"href":"https:\/\/historiaus.usz.edu.pl\/index.php?rest_route=%2Fwp%2Fv2%2Fcomments&post=3658"}],"version-history":[{"count":1,"href":"https:\/\/historiaus.usz.edu.pl\/index.php?rest_route=\/wp\/v2\/posts\/3658\/revisions"}],"predecessor-version":[{"id":3660,"href":"https:\/\/historiaus.usz.edu.pl\/index.php?rest_route=\/wp\/v2\/posts\/3658\/revisions\/3660"}],"wp:attachment":[{"href":"https:\/\/historiaus.usz.edu.pl\/index.php?rest_route=%2Fwp%2Fv2%2Fmedia&parent=3658"}],"wp:term":[{"taxonomy":"category","embeddable":true,"href":"https:\/\/historiaus.usz.edu.pl\/index.php?rest_route=%2Fwp%2Fv2%2Fcategories&post=3658"},{"taxonomy":"post_tag","embeddable":true,"href":"https:\/\/historiaus.usz.edu.pl\/index.php?rest_route=%2Fwp%2Fv2%2Ftags&post=3658"},{"taxonomy":"subpage_bus","embeddable":true,"href":"https:\/\/historiaus.usz.edu.pl\/index.php?rest_route=%2Fwp%2Fv2%2Fsubpage_bus&post=3658"}],"curies":[{"name":"wp","href":"https:\/\/api.w.org\/{rel}","templated":true}]}}