{"id":4182,"date":"2015-11-26T12:32:45","date_gmt":"2015-11-26T11:32:45","guid":{"rendered":"https:\/\/historiaus.usz.edu.pl\/?p=4182"},"modified":"2015-11-26T12:32:45","modified_gmt":"2015-11-26T11:32:45","slug":"dr-marcin-swiecicki-musimy-wytrwac","status":"publish","type":"post","link":"https:\/\/historiaus.usz.edu.pl\/?p=4182","title":{"rendered":"Dr Marcin \u015awi\u0119cicki: Musimy wytrwa\u0107"},"content":{"rendered":"<p><a href=\"https:\/\/historiaus.usz.edu.pl\/wp-content\/uploads\/2015\/11\/GS-93.06.08.jpg\"><img loading=\"lazy\" decoding=\"async\" class=\"alignnone size-medium wp-image-4183\" src=\"https:\/\/historiaus.usz.edu.pl\/wp-content\/uploads\/2015\/11\/GS-93.06.08-230x300.jpg\" alt=\"GS 93.06.08\" width=\"230\" height=\"300\" srcset=\"https:\/\/historiaus.usz.edu.pl\/wp-content\/uploads\/2015\/11\/GS-93.06.08-230x300.jpg 230w, https:\/\/historiaus.usz.edu.pl\/wp-content\/uploads\/2015\/11\/GS-93.06.08.jpg 1244w\" sizes=\"auto, (max-width: 230px) 100vw, 230px\" \/><\/a><\/p>\n","protected":false},"excerpt":{"rendered":"","protected":false},"author":5,"featured_media":0,"comment_status":"closed","ping_status":"closed","sticky":false,"template":"","format":"standard","meta":{"footnotes":""},"categories":[69],"tags":[2258,107],"subpage_bus":[49,47,86,56],"class_list":["post-4182","post","type-post","status-publish","format-standard","hentry","category-wydzial-ekonomiczny","tag-dr-marcin-swiecicki","tag-gospodarka","subpage_bus-dzialalnosc-naukowa-i-dydaktyczna","subpage_bus-nauka","subpage_bus-sylwetki","subpage_bus-zycie-spoleczne"],"_links":{"self":[{"href":"https:\/\/historiaus.usz.edu.pl\/index.php?rest_route=\/wp\/v2\/posts\/4182","targetHints":{"allow":["GET"]}}],"collection":[{"href":"https:\/\/historiaus.usz.edu.pl\/index.php?rest_route=\/wp\/v2\/posts"}],"about":[{"href":"https:\/\/historiaus.usz.edu.pl\/index.php?rest_route=\/wp\/v2\/types\/post"}],"author":[{"embeddable":true,"href":"https:\/\/historiaus.usz.edu.pl\/index.php?rest_route=\/wp\/v2\/users\/5"}],"replies":[{"embeddable":true,"href":"https:\/\/historiaus.usz.edu.pl\/index.php?rest_route=%2Fwp%2Fv2%2Fcomments&post=4182"}],"version-history":[{"count":1,"href":"https:\/\/historiaus.usz.edu.pl\/index.php?rest_route=\/wp\/v2\/posts\/4182\/revisions"}],"predecessor-version":[{"id":4184,"href":"https:\/\/historiaus.usz.edu.pl\/index.php?rest_route=\/wp\/v2\/posts\/4182\/revisions\/4184"}],"wp:attachment":[{"href":"https:\/\/historiaus.usz.edu.pl\/index.php?rest_route=%2Fwp%2Fv2%2Fmedia&parent=4182"}],"wp:term":[{"taxonomy":"category","embeddable":true,"href":"https:\/\/historiaus.usz.edu.pl\/index.php?rest_route=%2Fwp%2Fv2%2Fcategories&post=4182"},{"taxonomy":"post_tag","embeddable":true,"href":"https:\/\/historiaus.usz.edu.pl\/index.php?rest_route=%2Fwp%2Fv2%2Ftags&post=4182"},{"taxonomy":"subpage_bus","embeddable":true,"href":"https:\/\/historiaus.usz.edu.pl\/index.php?rest_route=%2Fwp%2Fv2%2Fsubpage_bus&post=4182"}],"curies":[{"name":"wp","href":"https:\/\/api.w.org\/{rel}","templated":true}]}}