{"id":4229,"date":"2015-11-27T12:44:34","date_gmt":"2015-11-27T11:44:34","guid":{"rendered":"https:\/\/historiaus.usz.edu.pl\/?p=4229"},"modified":"2015-11-27T12:44:34","modified_gmt":"2015-11-27T11:44:34","slug":"glos-szczecinski-radio-as-i-kanal-7-tv-dzieciom","status":"publish","type":"post","link":"https:\/\/historiaus.usz.edu.pl\/?p=4229","title":{"rendered":"&#8222;G\u0142os Szczeci\u0144ski&#8221;, Radio &#8222;As&#8221; i Kana\u0142 7 TV &#8211; dzieciom"},"content":{"rendered":"<p><a href=\"https:\/\/historiaus.usz.edu.pl\/wp-content\/uploads\/2015\/11\/GS-93.12.06-cz.1.jpg\"><img loading=\"lazy\" decoding=\"async\" class=\"alignnone size-medium wp-image-4230\" src=\"https:\/\/historiaus.usz.edu.pl\/wp-content\/uploads\/2015\/11\/GS-93.12.06-cz.1-450x255.jpg\" alt=\"GS 93.12.06 cz.1\" width=\"450\" height=\"255\" srcset=\"https:\/\/historiaus.usz.edu.pl\/wp-content\/uploads\/2015\/11\/GS-93.12.06-cz.1-450x255.jpg 450w, https:\/\/historiaus.usz.edu.pl\/wp-content\/uploads\/2015\/11\/GS-93.12.06-cz.1.jpg 1951w\" sizes=\"auto, (max-width: 450px) 100vw, 450px\" \/><\/a><a href=\"https:\/\/historiaus.usz.edu.pl\/wp-content\/uploads\/2015\/11\/GS-93.12.06-cz.2.jpg\"><img loading=\"lazy\" decoding=\"async\" class=\"alignnone size-medium wp-image-4231\" src=\"https:\/\/historiaus.usz.edu.pl\/wp-content\/uploads\/2015\/11\/GS-93.12.06-cz.2-110x300.jpg\" alt=\"GS 93.12.06 cz.2\" width=\"110\" height=\"300\" srcset=\"https:\/\/historiaus.usz.edu.pl\/wp-content\/uploads\/2015\/11\/GS-93.12.06-cz.2-110x300.jpg 110w, https:\/\/historiaus.usz.edu.pl\/wp-content\/uploads\/2015\/11\/GS-93.12.06-cz.2.jpg 1278w\" sizes=\"auto, (max-width: 110px) 100vw, 110px\" \/><\/a><\/p>\n","protected":false},"excerpt":{"rendered":"","protected":false},"author":5,"featured_media":0,"comment_status":"closed","ping_status":"closed","sticky":false,"template":"","format":"standard","meta":{"footnotes":""},"categories":[546,161],"tags":[249,2274,101,141],"subpage_bus":[114,56,1974],"class_list":["post-4229","post","type-post","status-publish","format-standard","hentry","category-instytut-kultury-fizycznej","category-wydzial-nauk-przyrodniczych","tag-dzieci","tag-mikolaj","tag-pomoc","tag-studenci","subpage_bus-sprawy-socjalne-prace-spoleczne","subpage_bus-zycie-spoleczne","subpage_bus-zycie-studenckie"],"_links":{"self":[{"href":"https:\/\/historiaus.usz.edu.pl\/index.php?rest_route=\/wp\/v2\/posts\/4229","targetHints":{"allow":["GET"]}}],"collection":[{"href":"https:\/\/historiaus.usz.edu.pl\/index.php?rest_route=\/wp\/v2\/posts"}],"about":[{"href":"https:\/\/historiaus.usz.edu.pl\/index.php?rest_route=\/wp\/v2\/types\/post"}],"author":[{"embeddable":true,"href":"https:\/\/historiaus.usz.edu.pl\/index.php?rest_route=\/wp\/v2\/users\/5"}],"replies":[{"embeddable":true,"href":"https:\/\/historiaus.usz.edu.pl\/index.php?rest_route=%2Fwp%2Fv2%2Fcomments&post=4229"}],"version-history":[{"count":1,"href":"https:\/\/historiaus.usz.edu.pl\/index.php?rest_route=\/wp\/v2\/posts\/4229\/revisions"}],"predecessor-version":[{"id":4232,"href":"https:\/\/historiaus.usz.edu.pl\/index.php?rest_route=\/wp\/v2\/posts\/4229\/revisions\/4232"}],"wp:attachment":[{"href":"https:\/\/historiaus.usz.edu.pl\/index.php?rest_route=%2Fwp%2Fv2%2Fmedia&parent=4229"}],"wp:term":[{"taxonomy":"category","embeddable":true,"href":"https:\/\/historiaus.usz.edu.pl\/index.php?rest_route=%2Fwp%2Fv2%2Fcategories&post=4229"},{"taxonomy":"post_tag","embeddable":true,"href":"https:\/\/historiaus.usz.edu.pl\/index.php?rest_route=%2Fwp%2Fv2%2Ftags&post=4229"},{"taxonomy":"subpage_bus","embeddable":true,"href":"https:\/\/historiaus.usz.edu.pl\/index.php?rest_route=%2Fwp%2Fv2%2Fsubpage_bus&post=4229"}],"curies":[{"name":"wp","href":"https:\/\/api.w.org\/{rel}","templated":true}]}}