{"id":4671,"date":"2015-12-23T12:29:23","date_gmt":"2015-12-23T11:29:23","guid":{"rendered":"https:\/\/historiaus.usz.edu.pl\/?p=4671"},"modified":"2015-12-23T13:24:27","modified_gmt":"2015-12-23T12:24:27","slug":"latwiej-zaczac-od-nowa","status":"publish","type":"post","link":"https:\/\/historiaus.usz.edu.pl\/?p=4671","title":{"rendered":"\u0141atwiej zacz\u0105\u0107 od nowa"},"content":{"rendered":"<p><a href=\"https:\/\/historiaus.usz.edu.pl\/wp-content\/uploads\/2015\/12\/ks-14.05.10-11.jpg\"><img loading=\"lazy\" decoding=\"async\" class=\"alignnone  wp-image-4675\" src=\"https:\/\/historiaus.usz.edu.pl\/wp-content\/uploads\/2015\/12\/ks-14.05.10-11-450x251.jpg\" alt=\"ks 14.05.10 (1)\" width=\"421\" height=\"235\" srcset=\"https:\/\/historiaus.usz.edu.pl\/wp-content\/uploads\/2015\/12\/ks-14.05.10-11-450x251.jpg 450w, https:\/\/historiaus.usz.edu.pl\/wp-content\/uploads\/2015\/12\/ks-14.05.10-11.jpg 1646w\" sizes=\"auto, (max-width: 421px) 100vw, 421px\" \/><\/a><a href=\"https:\/\/historiaus.usz.edu.pl\/wp-content\/uploads\/2015\/12\/ks-14.05.10-22.jpg\"><img loading=\"lazy\" decoding=\"async\" class=\"wp-image-4678 aligncenter\" src=\"https:\/\/historiaus.usz.edu.pl\/wp-content\/uploads\/2015\/12\/ks-14.05.10-22-228x300.jpg\" alt=\"ks 14.05.10 (2)\" width=\"179\" height=\"235\" srcset=\"https:\/\/historiaus.usz.edu.pl\/wp-content\/uploads\/2015\/12\/ks-14.05.10-22-228x300.jpg 228w, https:\/\/historiaus.usz.edu.pl\/wp-content\/uploads\/2015\/12\/ks-14.05.10-22.jpg 1377w\" sizes=\"auto, (max-width: 179px) 100vw, 179px\" \/><\/a><\/p>\n","protected":false},"excerpt":{"rendered":"","protected":false},"author":5,"featured_media":0,"comment_status":"closed","ping_status":"closed","sticky":false,"template":"","format":"standard","meta":{"footnotes":""},"categories":[1484],"tags":[1671,1320,82],"subpage_bus":[64,87,60,62,86,343,56,59],"class_list":["post-4671","post","type-post","status-publish","format-standard","hentry","category-uniwersytet-szczecinski","tag-25-lecie","tag-prof-dr-hab-waldemar-tarczynski","tag-uniwersytet-szczecinski","subpage_bus-baza-naukowa-i-materialna","subpage_bus-dary-i-pomoc-spoleczna","subpage_bus-kultura","subpage_bus-rozwoj-uniwersytetu-sprawy-organizacyjne","subpage_bus-sylwetki","subpage_bus-wywiad","subpage_bus-zycie-spoleczne","subpage_bus-zycie-spoleczne-i-polityczne"],"_links":{"self":[{"href":"https:\/\/historiaus.usz.edu.pl\/index.php?rest_route=\/wp\/v2\/posts\/4671","targetHints":{"allow":["GET"]}}],"collection":[{"href":"https:\/\/historiaus.usz.edu.pl\/index.php?rest_route=\/wp\/v2\/posts"}],"about":[{"href":"https:\/\/historiaus.usz.edu.pl\/index.php?rest_route=\/wp\/v2\/types\/post"}],"author":[{"embeddable":true,"href":"https:\/\/historiaus.usz.edu.pl\/index.php?rest_route=\/wp\/v2\/users\/5"}],"replies":[{"embeddable":true,"href":"https:\/\/historiaus.usz.edu.pl\/index.php?rest_route=%2Fwp%2Fv2%2Fcomments&post=4671"}],"version-history":[{"count":4,"href":"https:\/\/historiaus.usz.edu.pl\/index.php?rest_route=\/wp\/v2\/posts\/4671\/revisions"}],"predecessor-version":[{"id":4684,"href":"https:\/\/historiaus.usz.edu.pl\/index.php?rest_route=\/wp\/v2\/posts\/4671\/revisions\/4684"}],"wp:attachment":[{"href":"https:\/\/historiaus.usz.edu.pl\/index.php?rest_route=%2Fwp%2Fv2%2Fmedia&parent=4671"}],"wp:term":[{"taxonomy":"category","embeddable":true,"href":"https:\/\/historiaus.usz.edu.pl\/index.php?rest_route=%2Fwp%2Fv2%2Fcategories&post=4671"},{"taxonomy":"post_tag","embeddable":true,"href":"https:\/\/historiaus.usz.edu.pl\/index.php?rest_route=%2Fwp%2Fv2%2Ftags&post=4671"},{"taxonomy":"subpage_bus","embeddable":true,"href":"https:\/\/historiaus.usz.edu.pl\/index.php?rest_route=%2Fwp%2Fv2%2Fsubpage_bus&post=4671"}],"curies":[{"name":"wp","href":"https:\/\/api.w.org\/{rel}","templated":true}]}}