{"id":4949,"date":"2016-01-26T13:22:10","date_gmt":"2016-01-26T12:22:10","guid":{"rendered":"https:\/\/historiaus.usz.edu.pl\/?p=4949"},"modified":"2016-01-26T13:25:10","modified_gmt":"2016-01-26T12:25:10","slug":"z-troska-patrzymy-na-uczelnie-bliska-naszemu-sercu","status":"publish","type":"post","link":"https:\/\/historiaus.usz.edu.pl\/?p=4949","title":{"rendered":"Z trosk\u0105 patrzymy na uczelni\u0119 blisk\u0105 naszemu sercu"},"content":{"rendered":"<p><a href=\"https:\/\/historiaus.usz.edu.pl\/wp-content\/uploads\/2016\/01\/ks-31.10-1.11.89.jpg\"><img loading=\"lazy\" decoding=\"async\" class=\"alignnone size-medium wp-image-4950\" src=\"https:\/\/historiaus.usz.edu.pl\/wp-content\/uploads\/2016\/01\/ks-31.10-1.11.89-231x300.jpg\" alt=\"ks 31.10-1.11.89\" width=\"231\" height=\"300\" srcset=\"https:\/\/historiaus.usz.edu.pl\/wp-content\/uploads\/2016\/01\/ks-31.10-1.11.89-231x300.jpg 231w, https:\/\/historiaus.usz.edu.pl\/wp-content\/uploads\/2016\/01\/ks-31.10-1.11.89.jpg 1239w\" sizes=\"auto, (max-width: 231px) 100vw, 231px\" \/><\/a><a href=\"https:\/\/historiaus.usz.edu.pl\/wp-content\/uploads\/2016\/01\/ks-31.10-1.11.89-2.jpg\"><img loading=\"lazy\" decoding=\"async\" class=\"alignnone size-medium wp-image-4951 alignleft\" src=\"https:\/\/historiaus.usz.edu.pl\/wp-content\/uploads\/2016\/01\/ks-31.10-1.11.89-2-167x300.jpg\" alt=\"ks 31.10-1.11.89 (2)\" width=\"167\" height=\"300\" srcset=\"https:\/\/historiaus.usz.edu.pl\/wp-content\/uploads\/2016\/01\/ks-31.10-1.11.89-2-167x300.jpg 167w, https:\/\/historiaus.usz.edu.pl\/wp-content\/uploads\/2016\/01\/ks-31.10-1.11.89-2.jpg 1804w\" sizes=\"auto, (max-width: 167px) 100vw, 167px\" \/><\/a><\/p>\n","protected":false},"excerpt":{"rendered":"","protected":false},"author":5,"featured_media":0,"comment_status":"closed","ping_status":"closed","sticky":false,"template":"","format":"standard","meta":{"footnotes":""},"categories":[1484],"tags":[2497,2496,1797,2103,1698,1369,82,2495],"subpage_bus":[62,86,63,56],"class_list":["post-4949","post","type-post","status-publish","format-standard","hentry","category-uniwersytet-szczecinski","tag-doc-dr-hab-wojciech-olejniczak","tag-konflikt","tag-prof-dr-hab-feliks-prusak","tag-prof-dr-hab-ignacy-dziedziczak","tag-prof-dr-hab-kazimierz-jaskot","tag-rektorzy","tag-uniwersytet-szczecinski","tag-wladze-us","subpage_bus-rozwoj-uniwersytetu-sprawy-organizacyjne","subpage_bus-sylwetki","subpage_bus-wladze-us-problemy-funkcjonowania-us","subpage_bus-zycie-spoleczne"],"_links":{"self":[{"href":"https:\/\/historiaus.usz.edu.pl\/index.php?rest_route=\/wp\/v2\/posts\/4949","targetHints":{"allow":["GET"]}}],"collection":[{"href":"https:\/\/historiaus.usz.edu.pl\/index.php?rest_route=\/wp\/v2\/posts"}],"about":[{"href":"https:\/\/historiaus.usz.edu.pl\/index.php?rest_route=\/wp\/v2\/types\/post"}],"author":[{"embeddable":true,"href":"https:\/\/historiaus.usz.edu.pl\/index.php?rest_route=\/wp\/v2\/users\/5"}],"replies":[{"embeddable":true,"href":"https:\/\/historiaus.usz.edu.pl\/index.php?rest_route=%2Fwp%2Fv2%2Fcomments&post=4949"}],"version-history":[{"count":1,"href":"https:\/\/historiaus.usz.edu.pl\/index.php?rest_route=\/wp\/v2\/posts\/4949\/revisions"}],"predecessor-version":[{"id":4952,"href":"https:\/\/historiaus.usz.edu.pl\/index.php?rest_route=\/wp\/v2\/posts\/4949\/revisions\/4952"}],"wp:attachment":[{"href":"https:\/\/historiaus.usz.edu.pl\/index.php?rest_route=%2Fwp%2Fv2%2Fmedia&parent=4949"}],"wp:term":[{"taxonomy":"category","embeddable":true,"href":"https:\/\/historiaus.usz.edu.pl\/index.php?rest_route=%2Fwp%2Fv2%2Fcategories&post=4949"},{"taxonomy":"post_tag","embeddable":true,"href":"https:\/\/historiaus.usz.edu.pl\/index.php?rest_route=%2Fwp%2Fv2%2Ftags&post=4949"},{"taxonomy":"subpage_bus","embeddable":true,"href":"https:\/\/historiaus.usz.edu.pl\/index.php?rest_route=%2Fwp%2Fv2%2Fsubpage_bus&post=4949"}],"curies":[{"name":"wp","href":"https:\/\/api.w.org\/{rel}","templated":true}]}}