{"id":4967,"date":"2016-01-29T10:31:52","date_gmt":"2016-01-29T09:31:52","guid":{"rendered":"https:\/\/historiaus.usz.edu.pl\/?p=4967"},"modified":"2016-01-29T10:31:52","modified_gmt":"2016-01-29T09:31:52","slug":"slubuje-zdobywac-wytrwale-wiedze-i-umiejetnosci","status":"publish","type":"post","link":"https:\/\/historiaus.usz.edu.pl\/?p=4967","title":{"rendered":"&#8222;\u015alubuj\u0119 zdobywa\u0107 wytrwale wiedz\u0119 i umiej\u0119tno\u015bci&#8230;&#8221;"},"content":{"rendered":"<p><a href=\"https:\/\/historiaus.usz.edu.pl\/wp-content\/uploads\/2016\/01\/gs-2.10.92-cz.-1.jpg\"><img loading=\"lazy\" decoding=\"async\" class=\"alignnone size-medium wp-image-4968\" src=\"https:\/\/historiaus.usz.edu.pl\/wp-content\/uploads\/2016\/01\/gs-2.10.92-cz.-1-243x300.jpg\" alt=\"gs 2.10.92 cz. 1\" width=\"243\" height=\"300\" srcset=\"https:\/\/historiaus.usz.edu.pl\/wp-content\/uploads\/2016\/01\/gs-2.10.92-cz.-1-243x300.jpg 243w, https:\/\/historiaus.usz.edu.pl\/wp-content\/uploads\/2016\/01\/gs-2.10.92-cz.-1.jpg 1915w\" sizes=\"auto, (max-width: 243px) 100vw, 243px\" \/><\/a><a href=\"https:\/\/historiaus.usz.edu.pl\/wp-content\/uploads\/2016\/01\/gs-2.10.92.jpg\"><img loading=\"lazy\" decoding=\"async\" class=\"alignnone size-medium wp-image-4969\" src=\"https:\/\/historiaus.usz.edu.pl\/wp-content\/uploads\/2016\/01\/gs-2.10.92-121x300.jpg\" alt=\"gs 2.10.92\" width=\"121\" height=\"300\" srcset=\"https:\/\/historiaus.usz.edu.pl\/wp-content\/uploads\/2016\/01\/gs-2.10.92-121x300.jpg 121w, https:\/\/historiaus.usz.edu.pl\/wp-content\/uploads\/2016\/01\/gs-2.10.92.jpg 1941w\" sizes=\"auto, (max-width: 121px) 100vw, 121px\" \/><\/a><\/p>\n","protected":false},"excerpt":{"rendered":"","protected":false},"author":5,"featured_media":0,"comment_status":"closed","ping_status":"closed","sticky":false,"template":"","format":"standard","meta":{"footnotes":""},"categories":[1484],"tags":[2502,1506,96],"subpage_bus":[52,53,86,57,56,1974],"class_list":["post-4967","post","type-post","status-publish","format-standard","hentry","category-uniwersytet-szczecinski","tag-immatrykulacja","tag-inauguracja-roku-akademickiego","tag-studia","subpage_bus-dydaktyka","subpage_bus-inauguracja-roku-akademickiego","subpage_bus-sylwetki","subpage_bus-wypowiedzi-ogolne","subpage_bus-zycie-spoleczne","subpage_bus-zycie-studenckie"],"_links":{"self":[{"href":"https:\/\/historiaus.usz.edu.pl\/index.php?rest_route=\/wp\/v2\/posts\/4967","targetHints":{"allow":["GET"]}}],"collection":[{"href":"https:\/\/historiaus.usz.edu.pl\/index.php?rest_route=\/wp\/v2\/posts"}],"about":[{"href":"https:\/\/historiaus.usz.edu.pl\/index.php?rest_route=\/wp\/v2\/types\/post"}],"author":[{"embeddable":true,"href":"https:\/\/historiaus.usz.edu.pl\/index.php?rest_route=\/wp\/v2\/users\/5"}],"replies":[{"embeddable":true,"href":"https:\/\/historiaus.usz.edu.pl\/index.php?rest_route=%2Fwp%2Fv2%2Fcomments&post=4967"}],"version-history":[{"count":1,"href":"https:\/\/historiaus.usz.edu.pl\/index.php?rest_route=\/wp\/v2\/posts\/4967\/revisions"}],"predecessor-version":[{"id":4970,"href":"https:\/\/historiaus.usz.edu.pl\/index.php?rest_route=\/wp\/v2\/posts\/4967\/revisions\/4970"}],"wp:attachment":[{"href":"https:\/\/historiaus.usz.edu.pl\/index.php?rest_route=%2Fwp%2Fv2%2Fmedia&parent=4967"}],"wp:term":[{"taxonomy":"category","embeddable":true,"href":"https:\/\/historiaus.usz.edu.pl\/index.php?rest_route=%2Fwp%2Fv2%2Fcategories&post=4967"},{"taxonomy":"post_tag","embeddable":true,"href":"https:\/\/historiaus.usz.edu.pl\/index.php?rest_route=%2Fwp%2Fv2%2Ftags&post=4967"},{"taxonomy":"subpage_bus","embeddable":true,"href":"https:\/\/historiaus.usz.edu.pl\/index.php?rest_route=%2Fwp%2Fv2%2Fsubpage_bus&post=4967"}],"curies":[{"name":"wp","href":"https:\/\/api.w.org\/{rel}","templated":true}]}}