{"id":5011,"date":"2016-02-01T12:23:56","date_gmt":"2016-02-01T11:23:56","guid":{"rendered":"https:\/\/historiaus.usz.edu.pl\/?p=5011"},"modified":"2016-02-01T12:23:56","modified_gmt":"2016-02-01T11:23:56","slug":"wydzial-prawa-ma-nowa-siedzibe","status":"publish","type":"post","link":"https:\/\/historiaus.usz.edu.pl\/?p=5011","title":{"rendered":"Wydzia\u0142 Prawa ma now\u0105 siedzib\u0119"},"content":{"rendered":"<p><a href=\"https:\/\/historiaus.usz.edu.pl\/wp-content\/uploads\/2016\/02\/gs-29.10.90-cz.-1.jpg\"><img loading=\"lazy\" decoding=\"async\" class=\"alignnone size-medium wp-image-5012\" src=\"https:\/\/historiaus.usz.edu.pl\/wp-content\/uploads\/2016\/02\/gs-29.10.90-cz.-1-366x300.jpg\" alt=\"gs 29.10.90 cz. 1\" width=\"366\" height=\"300\" srcset=\"https:\/\/historiaus.usz.edu.pl\/wp-content\/uploads\/2016\/02\/gs-29.10.90-cz.-1-366x300.jpg 366w, https:\/\/historiaus.usz.edu.pl\/wp-content\/uploads\/2016\/02\/gs-29.10.90-cz.-1.jpg 1276w\" sizes=\"auto, (max-width: 366px) 100vw, 366px\" \/><\/a><a href=\"https:\/\/historiaus.usz.edu.pl\/wp-content\/uploads\/2016\/02\/gs-29.10.90-cz.-2.jpg\"><img loading=\"lazy\" decoding=\"async\" class=\"alignnone size-medium wp-image-5013\" src=\"https:\/\/historiaus.usz.edu.pl\/wp-content\/uploads\/2016\/02\/gs-29.10.90-cz.-2-450x291.jpg\" alt=\"gs 29.10.90 cz. 2\" width=\"450\" height=\"291\" srcset=\"https:\/\/historiaus.usz.edu.pl\/wp-content\/uploads\/2016\/02\/gs-29.10.90-cz.-2-450x291.jpg 450w, https:\/\/historiaus.usz.edu.pl\/wp-content\/uploads\/2016\/02\/gs-29.10.90-cz.-2.jpg 1903w\" sizes=\"auto, (max-width: 450px) 100vw, 450px\" \/><\/a><\/p>\n","protected":false},"excerpt":{"rendered":"","protected":false},"author":5,"featured_media":0,"comment_status":"closed","ping_status":"closed","sticky":false,"template":"","format":"standard","meta":{"footnotes":""},"categories":[102],"tags":[1737,2088,2154],"subpage_bus":[64,62,58,56],"class_list":["post-5011","post","type-post","status-publish","format-standard","hentry","category-wydzial-prawa-i-administracji","tag-budynek","tag-lokalizacja","tag-prof-dr-hab-tadeusz-wierzbicki","subpage_bus-baza-naukowa-i-materialna","subpage_bus-rozwoj-uniwersytetu-sprawy-organizacyjne","subpage_bus-sprawy-socjalne-i-polityczne","subpage_bus-zycie-spoleczne"],"_links":{"self":[{"href":"https:\/\/historiaus.usz.edu.pl\/index.php?rest_route=\/wp\/v2\/posts\/5011","targetHints":{"allow":["GET"]}}],"collection":[{"href":"https:\/\/historiaus.usz.edu.pl\/index.php?rest_route=\/wp\/v2\/posts"}],"about":[{"href":"https:\/\/historiaus.usz.edu.pl\/index.php?rest_route=\/wp\/v2\/types\/post"}],"author":[{"embeddable":true,"href":"https:\/\/historiaus.usz.edu.pl\/index.php?rest_route=\/wp\/v2\/users\/5"}],"replies":[{"embeddable":true,"href":"https:\/\/historiaus.usz.edu.pl\/index.php?rest_route=%2Fwp%2Fv2%2Fcomments&post=5011"}],"version-history":[{"count":1,"href":"https:\/\/historiaus.usz.edu.pl\/index.php?rest_route=\/wp\/v2\/posts\/5011\/revisions"}],"predecessor-version":[{"id":5014,"href":"https:\/\/historiaus.usz.edu.pl\/index.php?rest_route=\/wp\/v2\/posts\/5011\/revisions\/5014"}],"wp:attachment":[{"href":"https:\/\/historiaus.usz.edu.pl\/index.php?rest_route=%2Fwp%2Fv2%2Fmedia&parent=5011"}],"wp:term":[{"taxonomy":"category","embeddable":true,"href":"https:\/\/historiaus.usz.edu.pl\/index.php?rest_route=%2Fwp%2Fv2%2Fcategories&post=5011"},{"taxonomy":"post_tag","embeddable":true,"href":"https:\/\/historiaus.usz.edu.pl\/index.php?rest_route=%2Fwp%2Fv2%2Ftags&post=5011"},{"taxonomy":"subpage_bus","embeddable":true,"href":"https:\/\/historiaus.usz.edu.pl\/index.php?rest_route=%2Fwp%2Fv2%2Fsubpage_bus&post=5011"}],"curies":[{"name":"wp","href":"https:\/\/api.w.org\/{rel}","templated":true}]}}